{"id":82251,"date":"2025-11-25T07:55:26","date_gmt":"2025-11-25T11:55:26","guid":{"rendered":"https:\/\/jms.com.bo\/mediamonitor\/2025\/11\/25\/presidencia-se-consolida-en-centro-de-gobierno-absorbe-cuatro-unidades-de-justicia\/"},"modified":"2025-11-25T07:55:26","modified_gmt":"2025-11-25T11:55:26","slug":"presidencia-se-consolida-en-centro-de-gobierno-absorbe-cuatro-unidades-de-justicia","status":"publish","type":"post","link":"https:\/\/jms.com.bo\/mediamonitor\/2025\/11\/25\/presidencia-se-consolida-en-centro-de-gobierno-absorbe-cuatro-unidades-de-justicia\/","title":{"rendered":"Presidencia se consolida en \u2018centro de Gobierno\u2019; absorbe cuatro unidades de Justicia"},"content":{"rendered":"<p style=\"text-align: justify;\">Las cuatro unidades m\u00e1s fuertes del extinto ministerio de Justicia: dos viceministerios y dos entidades descentralizadas, ahora son parte del ministerio de la Presidencia, con lo que esta cartera de Estado, la m\u00e1s cercana al presidente, Rodrigo Paz, se consolida como el \u2018Centro de Gobierno\u2019 de acuerdo a la reingenier\u00eda que anunci\u00f3 d\u00edas atr\u00e1s el ministro Jos\u00e9 Luis Lupo.<\/p>\n<p style=\"text-align: justify;\">Se trata de los viceministerios de Transparencia, Seguridad Jur\u00eddica y Derechos Humanos, y el de Igualdad de Oportunidades, Descolonizaci\u00f3n y Despatriarcalizaci\u00f3n, instancias que ahora con parte de la cartera de Presidencia, as\u00ed como las cuatro unidades descentralizadas entre las que est\u00e1n el Servicio Plurinacional de Defensa P\u00fablica y el Servicio Plurinacional de Asistencia a la V\u00edctima, siendo ahora estas cuatro unidades parte de Presidencia, aunque de forma transitoria.<\/p>\n<p style=\"text-align: justify;\">Dicha cartera tambi\u00e9n acogi\u00f3 a la Direcci\u00f3n del Notariado Plurinacional y el Registro P\u00fablico de la Abogac\u00eda, las otras dos instancias descentralizadas pero que est\u00e1n m\u00e1s relacionadas con la administraci\u00f3n del \u00d3rgano Judicial.<\/p>\n<p style=\"text-align: justify;\">\u201cNo estamos eliminando la administraci\u00f3n de justicia, la estamos devolviendo a su verdadera esencia que es la independencia y la imparcialidad, para nunca m\u00e1s tener un poder judicial cooptado por el poder pol\u00edtico. Vamos a desmantelar la maquinaria de la persecuci\u00f3n pol\u00edtica\u201d, dijo el ministro de la Presidencia, Jos\u00e9 Luis Lupo al anunciar el desmantelamiento de la cartera de Justicia.<\/p>\n<p style=\"text-align: justify;\">El titular de la Presidencia aclar\u00f3 que estos cambios se sustentan en un decreto presidencial mediante el cual se establece una transferencia transitoria de estas seis unidades al ministerio de la Presidencia puesto que muchas de estas entidades est\u00e1n protegidas por leyes y para modificarlas se necesita de la aprobaci\u00f3n de otra ley, en este caso una nueva Ley de Organizaci\u00f3n del Poder Ejecutivo (LOPE).<\/p>\n<p style=\"text-align: justify;\">En tanto, el viceministerio de Defensa del Consumidor pasar\u00e1 a ser parte del ministerio de Desarrollo Productivo \u201cque es donde corresponde que est\u00e9\u201d.<\/p>\n<p style=\"text-align: justify;\">El ministro Lupo asegur\u00f3 que en este \u201cachicamiento del Estado\u201d no contempla una pol\u00edtica de masacre blanca dejando sin empleo a los funcionarios que entraron a la administraci\u00f3n p\u00fablica con el masismo. Lupo dijo que se respetar\u00e1 al talento humano capacitado y con experiencia.<\/p>\n<p style=\"text-align: justify;\">Pero eso s\u00ed, se eliminar\u00e1 ese personal supernumerario que no cumple una funci\u00f3n clara y que al Estado le cuesta dinero.<\/p>\n<p style=\"text-align: justify;\">Nuevo viceministro<\/p>\n<p style=\"text-align: justify;\">Horas despu\u00e9s del anuncio de reingenier\u00eda, el presidente Rodrigo Paz Pereira posesion\u00f3 al abogado Yamil Garc\u00eda, como el nuevo viceministro de Transparencia, Seguridad Jur\u00eddica y Derechos Humanos.<\/p>\n<p style=\"text-align: justify;\">El jefe de Estado le encomend\u00f3 una misi\u00f3n a la nueva autoridad.<\/p>\n<p style=\"text-align: justify;\">\u201cCon usted empieza la transformaci\u00f3n de la justicia, este es un hecho claro, muri\u00f3 el ministerio de Justicia y ahora tenemos que colaborar entre todos para sacar una nueva visi\u00f3n de la justicia y que sea eficiente para el pueblo\u201d, le dijo Paz al viceministro Garc\u00eda.<\/p>\n<p style=\"text-align: justify;\">Es as\u00ed que entre las tareas de ese viceministerio es generar los nexos entre el \u00d3rgano Ejecutivo y el \u00d3rgano Judicial para impulsar su reforma, instruy\u00f3 el jefe de Estado. \u201cVamos a apoyar todos los cambios necesarios para que Bolivia entre al siglo XXI\u201d.<\/p>\n<p style=\"text-align: justify;\">Para la reforma judicial que est\u00e1 a cargo del \u00d3rgano de Justicia, el ejecutivo designar\u00e1 un delegado presidencial para que acompa\u00f1e este proceso de reestructuraci\u00f3n, pero en el marco del respeto a la independencia de poderes.<\/p>\n<p style=\"text-align: justify;\">\u201cGarantizaremos el principio de separaci\u00f3n de funciones e independencia de los \u00f3rganos del Estado, y esto engancha directamente con la gran reforma a la justicia\u201d, asegur\u00f3 Lupo.<\/p>\n<p style=\"text-align: justify;\">Primeras tareas<\/p>\n<p style=\"text-align: justify;\">El nuevo viceministro Garc\u00eda anunci\u00f3 que una de sus principales tareas ser\u00e1 impulsar un Comit\u00e9 Interinstitucional que investigar\u00e1 a todas las unidades de transparencia de todas las carteras de Estado, empresas p\u00fablicas y entidades descentralizadas de la anterior administraci\u00f3n a cargo del MAS.<\/p>\n<p style=\"text-align: justify;\">\u201cVamos a pasar una instrucci\u00f3n para que cada una de las unidades de transparencia que est\u00e1n en todas las entidades del Estado, informes sus resultados. Vamos a preguntarles a esas unidades de transparencia \u00bfQu\u00e9 han hecho en los \u00faltimos 20 a\u00f1os?, \u00bfQu\u00e9 informes han emitido?, \u00bfD\u00f3nde est\u00e1 la plata de los bolivianos?\u201d, anunci\u00f3 la autoridad.<\/p>\n<p style=\"text-align: justify;\">En cuanto a las entidades descentralizadas como Direcci\u00f3n del Notariado Plurinacional y el Registro P\u00fablico de la Abogac\u00eda, el viceministro Garc\u00eda se\u00f1al\u00f3 que lo que corresponde es que vuelvan a ser parte del \u00d3rgano Judicial, esto en el marco de la transparencia e independencia de poderes.<\/p>\n<p style=\"text-align: justify;\">Sobre las otras dos instancias como el Servicio Plurinacional de Defensa P\u00fablica y el Servicio Plurinacional de Asistencia a la V\u00edctima, Garc\u00eda asegur\u00f3 que la continuidad de ambas \u201cest\u00e1n garantizadas\u201d.<\/p>\n","protected":false},"excerpt":{"rendered":"<p>Las cuatro unidades m\u00e1s fuertes del extinto ministerio de Justicia: dos viceministerios y dos entidades descentralizadas, ahora son parte del ministerio de la Presidencia, con lo que esta cartera de Estado, la m\u00e1s cercana al presidente, Rodrigo Paz, se consolida como el \u2018Centro de Gobierno\u2019 de acuerdo a la reingenier\u00eda que anunci\u00f3 d\u00edas atr\u00e1s el [&hellip;]<\/p>\n","protected":false},"author":2,"featured_media":31923,"comment_status":"closed","ping_status":"open","sticky":false,"template":"","format":"standard","meta":{"footnotes":""},"categories":[18,48,46],"tags":[],"class_list":{"0":"post-82251","1":"post","2":"type-post","3":"status-publish","4":"format-standard","5":"has-post-thumbnail","7":"category-politica","8":"category-portada-general-sitio","9":"category-portada-politica"},"_links":{"self":[{"href":"https:\/\/jms.com.bo\/mediamonitor\/wp-json\/wp\/v2\/posts\/82251","targetHints":{"allow":["GET"]}}],"collection":[{"href":"https:\/\/jms.com.bo\/mediamonitor\/wp-json\/wp\/v2\/posts"}],"about":[{"href":"https:\/\/jms.com.bo\/mediamonitor\/wp-json\/wp\/v2\/types\/post"}],"author":[{"embeddable":true,"href":"https:\/\/jms.com.bo\/mediamonitor\/wp-json\/wp\/v2\/users\/2"}],"replies":[{"embeddable":true,"href":"https:\/\/jms.com.bo\/mediamonitor\/wp-json\/wp\/v2\/comments?post=82251"}],"version-history":[{"count":0,"href":"https:\/\/jms.com.bo\/mediamonitor\/wp-json\/wp\/v2\/posts\/82251\/revisions"}],"wp:featuredmedia":[{"embeddable":true,"href":"https:\/\/jms.com.bo\/mediamonitor\/wp-json\/wp\/v2\/media\/31923"}],"wp:attachment":[{"href":"https:\/\/jms.com.bo\/mediamonitor\/wp-json\/wp\/v2\/media?parent=82251"}],"wp:term":[{"taxonomy":"category","embeddable":true,"href":"https:\/\/jms.com.bo\/mediamonitor\/wp-json\/wp\/v2\/categories?post=82251"},{"taxonomy":"post_tag","embeddable":true,"href":"https:\/\/jms.com.bo\/mediamonitor\/wp-json\/wp\/v2\/tags?post=82251"}],"curies":[{"name":"wp","href":"https:\/\/api.w.org\/{rel}","templated":true}]}}