{"id":82252,"date":"2025-11-25T07:57:49","date_gmt":"2025-11-25T11:57:49","guid":{"rendered":"https:\/\/jms.com.bo\/mediamonitor\/2025\/11\/25\/agropecuarios-del-pais-se-reunen-hoy-con-el-gobierno-discutiran-decretos-y-leyes-para-reactivar-la-produccion\/"},"modified":"2025-11-25T07:57:49","modified_gmt":"2025-11-25T11:57:49","slug":"agropecuarios-del-pais-se-reunen-hoy-con-el-gobierno-discutiran-decretos-y-leyes-para-reactivar-la-produccion","status":"publish","type":"post","link":"https:\/\/jms.com.bo\/mediamonitor\/2025\/11\/25\/agropecuarios-del-pais-se-reunen-hoy-con-el-gobierno-discutiran-decretos-y-leyes-para-reactivar-la-produccion\/","title":{"rendered":"Agropecuarios del pa\u00eds se re\u00fanen hoy con el gobierno; discutir\u00e1n decretos y leyes para reactivar la producci\u00f3n"},"content":{"rendered":"<p style=\"text-align: justify;\">Los agropecuarios de todo el pa\u00eds, a trav\u00e9s de la Confederaci\u00f3n Agropecuaria Nacional (Confeagro), se reunir\u00e1n hoy con el gobierno para discutir el \u2018paquete\u2019 de leyes y decretos que entregaron el viernes al ministro de la Presidencia, Jos\u00e9 Luis Lupo, con el objetivo de reactivar la producci\u00f3n y solucionar problemas transversales como la provisi\u00f3n de di\u00e9sel, liberaci\u00f3n de exportaciones y franjas de precios, entre otros.<\/p>\n<p style=\"text-align: justify;\">El presidente de Confeagro, Klaus Frerking, inform\u00f3 este lunes que la representaci\u00f3n del gobierno estar\u00e1 encabezada por el ministro de Desarrollo Productivo, \u00d3scar Mario Justiniano, para debatir la agenda productiva. La reuni\u00f3n se iniciar\u00e1 a las 10:30 horas en la Sede de Gobierno.<\/p>\n<p style=\"text-align: justify;\">\u201cVenimos consensuando una ley nacional y decretos nacionales transversales a todos los rubros. Por ejemplo, el decreto de exportaciones, liberaci\u00f3n de cupos, franja de precios, la ley que va a permitir que la peque\u00f1a actividad se transforme a mediana, para que todos los peque\u00f1os productores del pa\u00eds puedan apalancarse con financiamiento en la banca\u201d, se\u00f1al\u00f3 Frerking a un medio televisivo de Santa Cruz.<\/p>\n<p style=\"text-align: justify;\">As\u00ed tambi\u00e9n se abordar\u00e1 un decreto para incentivar el uso de la biotecnolog\u00eda, la institucionalizaci\u00f3n de entidades como el Senasag, el INIAF o la ABT, que les permita \u201cser m\u00e1s eficientes\u201d para competir con el mercado internacional. \u201cNecesitamos sacar todas las trabas del di\u00e9sel para que puedan importar los privados, para que puedan venir mayoristas que quieran abastecernos del di\u00e9sel, necesitamos todo lo que es la infraestructura\u201d, se\u00f1al\u00f3 el dirigente agropecuario.<\/p>\n<p style=\"text-align: justify;\">Al mismo tiempo, el tambi\u00e9n presidente de la C\u00e1mara Agropecuaria del Oriente (CAO), calific\u00f3 al Instituto Nacional de Reforma Agraria (INRA) como \u201cun nido de corrupci\u00f3n\u201d, porque ha sido una de las instituciones part\u00edcipes para quitar la seguridad jur\u00eddica a todos los productores en el pa\u00eds.<\/p>\n<p style=\"text-align: justify;\">\u201cEl INRA tiene que terminarse, tiene que poner personas que conozcan, que sepan qu\u00e9 es mil hect\u00e1reas, que sepan qu\u00e9 es 50 hect\u00e1reas, que sepan c\u00f3mo se cultiva la tierra, que sepan c\u00f3mo se cuidan nuestros bosques, que sepan qu\u00e9 es un avasallamiento. Necesitamos personas que le entiendan al rubro (\u2026). \u201cTienen que haber personas t\u00e9cnicas, personas que realmente conozcan el sentir de todos los bolivianos que hemos sufrido por extorsiones, por avasallamientos en el INRA\u201d, agreg\u00f3 Frerking.<\/p>\n<p style=\"text-align: justify;\">\n","protected":false},"excerpt":{"rendered":"<p>Los agropecuarios de todo el pa\u00eds, a trav\u00e9s de la Confederaci\u00f3n Agropecuaria Nacional (Confeagro), se reunir\u00e1n hoy con el gobierno para discutir el \u2018paquete\u2019 de leyes y decretos que entregaron el viernes al ministro de la Presidencia, Jos\u00e9 Luis Lupo, con el objetivo de reactivar la producci\u00f3n y solucionar problemas transversales como la provisi\u00f3n de [&hellip;]<\/p>\n","protected":false},"author":2,"featured_media":81440,"comment_status":"closed","ping_status":"open","sticky":false,"template":"","format":"standard","meta":{"footnotes":""},"categories":[25],"tags":[],"class_list":{"0":"post-82252","1":"post","2":"type-post","3":"status-publish","4":"format-standard","5":"has-post-thumbnail","7":"category-economia"},"_links":{"self":[{"href":"https:\/\/jms.com.bo\/mediamonitor\/wp-json\/wp\/v2\/posts\/82252","targetHints":{"allow":["GET"]}}],"collection":[{"href":"https:\/\/jms.com.bo\/mediamonitor\/wp-json\/wp\/v2\/posts"}],"about":[{"href":"https:\/\/jms.com.bo\/mediamonitor\/wp-json\/wp\/v2\/types\/post"}],"author":[{"embeddable":true,"href":"https:\/\/jms.com.bo\/mediamonitor\/wp-json\/wp\/v2\/users\/2"}],"replies":[{"embeddable":true,"href":"https:\/\/jms.com.bo\/mediamonitor\/wp-json\/wp\/v2\/comments?post=82252"}],"version-history":[{"count":0,"href":"https:\/\/jms.com.bo\/mediamonitor\/wp-json\/wp\/v2\/posts\/82252\/revisions"}],"wp:featuredmedia":[{"embeddable":true,"href":"https:\/\/jms.com.bo\/mediamonitor\/wp-json\/wp\/v2\/media\/81440"}],"wp:attachment":[{"href":"https:\/\/jms.com.bo\/mediamonitor\/wp-json\/wp\/v2\/media?parent=82252"}],"wp:term":[{"taxonomy":"category","embeddable":true,"href":"https:\/\/jms.com.bo\/mediamonitor\/wp-json\/wp\/v2\/categories?post=82252"},{"taxonomy":"post_tag","embeddable":true,"href":"https:\/\/jms.com.bo\/mediamonitor\/wp-json\/wp\/v2\/tags?post=82252"}],"curies":[{"name":"wp","href":"https:\/\/api.w.org\/{rel}","templated":true}]}}