{"id":82253,"date":"2025-11-25T07:58:59","date_gmt":"2025-11-25T11:58:59","guid":{"rendered":"https:\/\/jms.com.bo\/mediamonitor\/2025\/11\/25\/anuncian-develar-estructura-de-corrupcion-en-emapa\/"},"modified":"2025-11-25T07:58:59","modified_gmt":"2025-11-25T11:58:59","slug":"anuncian-develar-estructura-de-corrupcion-en-emapa","status":"publish","type":"post","link":"https:\/\/jms.com.bo\/mediamonitor\/2025\/11\/25\/anuncian-develar-estructura-de-corrupcion-en-emapa\/","title":{"rendered":"Anuncian develar estructura de corrupci\u00f3n en Emapa"},"content":{"rendered":"<p style=\"text-align: justify;\">A ra\u00edz de las denuncias y las investigaciones sobre el manejo de la Empresa de Apoyo a la Producci\u00f3n de Alimentos (Emapa), la vocera presidencial, Carla Faval, anunci\u00f3 que este martes se informar\u00e1 sobre la estructura de corrupci\u00f3n de la entidad estatal.<\/p>\n<p style=\"text-align: justify;\">El informe completo, a presentar, sobre el estado de la Empresa de Apoyo a la Producci\u00f3n de Alimentos y sobre un presunto esquema millonario de corrupci\u00f3n. El reporte tambi\u00e9n incluir\u00e1 la nueva modalidad de trabajo que adoptar\u00e1 la instituci\u00f3n.<\/p>\n<p style=\"text-align: justify;\">\u201cEste martes presentaremos un informe detallado sobre este caso, que incluye la situaci\u00f3n de Emapa y el esquema millonario de corrupci\u00f3n que involucra a exfuncionarios, empresarios y transportistas, as\u00ed como la forma de trabajo a partir de la fecha. No permitiremos la especulaci\u00f3n con un alimento b\u00e1sico como el pan\u201d, afirm\u00f3 Faval en conferencia de prensa.<\/p>\n<p style=\"text-align: justify;\">El pasado 12 de noviembre, el ministro de Desarrollo Productivo, Rural y Agua, \u00d3scar Mario Justiniano, confirm\u00f3 la intervenci\u00f3n a Emapa tras identificarse presuntos indicios de corrupci\u00f3n en la administraci\u00f3n de la entidad.<\/p>\n<p style=\"text-align: justify;\">Seg\u00fan explic\u00f3, la medida busca transparentar la gesti\u00f3n interna y garantizar el cumplimiento de las pol\u00edticas p\u00fablicas destinadas a fortalecer la seguridad alimentaria. \u201cNo vamos a permitir que la corrupci\u00f3n afecte al pueblo boliviano ni al trabajo de los productores\u201d, sostuvo el Ministro.<\/p>\n<p style=\"text-align: justify;\">La intervenci\u00f3n se anunci\u00f3 luego de los reclamos del sector panificador, que denunci\u00f3 la falta de provisi\u00f3n de harina subvencionada desde septiembre. Esta situaci\u00f3n gener\u00f3 preocupaci\u00f3n, pues los representantes del sector advirtieron que podr\u00edan incrementar el precio del pan de batalla, afectando la econom\u00eda de las familias bolivianas.<\/p>\n<p style=\"text-align: justify;\">\n","protected":false},"excerpt":{"rendered":"<p>A ra\u00edz de las denuncias y las investigaciones sobre el manejo de la Empresa de Apoyo a la Producci\u00f3n de Alimentos (Emapa), la vocera presidencial, Carla Faval, anunci\u00f3 que este martes se informar\u00e1 sobre la estructura de corrupci\u00f3n de la entidad estatal. El informe completo, a presentar, sobre el estado de la Empresa de Apoyo [&hellip;]<\/p>\n","protected":false},"author":2,"featured_media":31927,"comment_status":"closed","ping_status":"open","sticky":false,"template":"","format":"standard","meta":{"footnotes":""},"categories":[25],"tags":[],"class_list":{"0":"post-82253","1":"post","2":"type-post","3":"status-publish","4":"format-standard","5":"has-post-thumbnail","7":"category-economia"},"_links":{"self":[{"href":"https:\/\/jms.com.bo\/mediamonitor\/wp-json\/wp\/v2\/posts\/82253","targetHints":{"allow":["GET"]}}],"collection":[{"href":"https:\/\/jms.com.bo\/mediamonitor\/wp-json\/wp\/v2\/posts"}],"about":[{"href":"https:\/\/jms.com.bo\/mediamonitor\/wp-json\/wp\/v2\/types\/post"}],"author":[{"embeddable":true,"href":"https:\/\/jms.com.bo\/mediamonitor\/wp-json\/wp\/v2\/users\/2"}],"replies":[{"embeddable":true,"href":"https:\/\/jms.com.bo\/mediamonitor\/wp-json\/wp\/v2\/comments?post=82253"}],"version-history":[{"count":0,"href":"https:\/\/jms.com.bo\/mediamonitor\/wp-json\/wp\/v2\/posts\/82253\/revisions"}],"wp:featuredmedia":[{"embeddable":true,"href":"https:\/\/jms.com.bo\/mediamonitor\/wp-json\/wp\/v2\/media\/31927"}],"wp:attachment":[{"href":"https:\/\/jms.com.bo\/mediamonitor\/wp-json\/wp\/v2\/media?parent=82253"}],"wp:term":[{"taxonomy":"category","embeddable":true,"href":"https:\/\/jms.com.bo\/mediamonitor\/wp-json\/wp\/v2\/categories?post=82253"},{"taxonomy":"post_tag","embeddable":true,"href":"https:\/\/jms.com.bo\/mediamonitor\/wp-json\/wp\/v2\/tags?post=82253"}],"curies":[{"name":"wp","href":"https:\/\/api.w.org\/{rel}","templated":true}]}}