{"id":82256,"date":"2025-11-25T08:01:35","date_gmt":"2025-11-25T12:01:35","guid":{"rendered":"https:\/\/jms.com.bo\/mediamonitor\/2025\/11\/25\/gobierno-dara-a-conocer-las-medidas-economicas-confirma-la-vocera-presidencial\/"},"modified":"2025-11-25T08:01:35","modified_gmt":"2025-11-25T12:01:35","slug":"gobierno-dara-a-conocer-las-medidas-economicas-confirma-la-vocera-presidencial","status":"publish","type":"post","link":"https:\/\/jms.com.bo\/mediamonitor\/2025\/11\/25\/gobierno-dara-a-conocer-las-medidas-economicas-confirma-la-vocera-presidencial\/","title":{"rendered":"Gobierno dar\u00e1 a conocer las medidas econ\u00f3micas, confirma la vocera presidencial"},"content":{"rendered":"<p style=\"text-align: justify;\">El Gobierno dar\u00e1 a conocer hoy las medidas econ\u00f3micas y un paquete de decretos \u201cque acompa\u00f1ar\u00e1n esta etapa de reconstrucci\u00f3n y reordenamiento\u201d, confirm\u00f3 esta ma\u00f1ana la vocera presidencial, Carla Faval, en su primera conferencia de prensa semanal.<\/p>\n<p style=\"text-align: justify;\">\u201cEl ministro de Econom\u00eda (Jos\u00e9 Gabriel Espinoza), el d\u00eda de hoy, va a anunciar las medidas econ\u00f3micas y el paquete de decreto que ya se ha anunciado. En el transcurso del d\u00eda va a ser el Ministro de Econom\u00eda quien haga esta informaci\u00f3n\u201d, afirm\u00f3 Faval ante la consulta de un periodista.<\/p>\n<p style=\"text-align: justify;\">Este fin de semana, el presidente del Estado, Rodrigo Paz, adelant\u00f3 que pr\u00f3ximamente se realizar\u00e1n anuncios relacionados con el \u00e1rea impositiva y la formalizaci\u00f3n de trabajadores y emprendedores del pa\u00eds.<\/p>\n<p style=\"text-align: justify;\">El s\u00e1bado, durante la inauguraci\u00f3n de un frigor\u00edfico privado en Santa Cruz, elmandatario declar\u00f3: \u201cLes quiero dar un adelanto, no voy a decir sobre qu\u00e9, pero est\u00e9n atentos, la siguiente semana daremos algunos anuncios impositivos para liberar nuestra econom\u00eda\u201d. A\u00f1adi\u00f3 que las medidas impulsar\u00e1n la estrategia de \u201ccapitalismo para todos\u201d.<\/p>\n<p style=\"text-align: justify;\">Este domingo,en su cuenta de X, Paz se refiri\u00f3 a la informalidad que impera en Bolivia debido a \u201cun sistema fiscal viejo, injusto y trancado (\u2026) que castiga al que quiere hacer las cosas bien y termina rompiendo la confianza de todos\u201d.<\/p>\n<p style=\"text-align: justify;\">Afirm\u00f3 que \u201ceso se acab\u00f3\u201d y que \u201cmuy pronto haremos anuncios importantes\u201d para revertir lo que denomin\u00f3 \u201cEstado tranca\u201d.<\/p>\n","protected":false},"excerpt":{"rendered":"<p>El Gobierno dar\u00e1 a conocer hoy las medidas econ\u00f3micas y un paquete de decretos \u201cque acompa\u00f1ar\u00e1n esta etapa de reconstrucci\u00f3n y reordenamiento\u201d, confirm\u00f3 esta ma\u00f1ana la vocera presidencial, Carla Faval, en su primera conferencia de prensa semanal. \u201cEl ministro de Econom\u00eda (Jos\u00e9 Gabriel Espinoza), el d\u00eda de hoy, va a anunciar las medidas econ\u00f3micas y [&hellip;]<\/p>\n","protected":false},"author":2,"featured_media":82257,"comment_status":"closed","ping_status":"open","sticky":false,"template":"","format":"standard","meta":{"footnotes":""},"categories":[25,45,48],"tags":[],"class_list":{"0":"post-82256","1":"post","2":"type-post","3":"status-publish","4":"format-standard","5":"has-post-thumbnail","7":"category-economia","8":"category-portada-economia","9":"category-portada-general-sitio"},"_links":{"self":[{"href":"https:\/\/jms.com.bo\/mediamonitor\/wp-json\/wp\/v2\/posts\/82256","targetHints":{"allow":["GET"]}}],"collection":[{"href":"https:\/\/jms.com.bo\/mediamonitor\/wp-json\/wp\/v2\/posts"}],"about":[{"href":"https:\/\/jms.com.bo\/mediamonitor\/wp-json\/wp\/v2\/types\/post"}],"author":[{"embeddable":true,"href":"https:\/\/jms.com.bo\/mediamonitor\/wp-json\/wp\/v2\/users\/2"}],"replies":[{"embeddable":true,"href":"https:\/\/jms.com.bo\/mediamonitor\/wp-json\/wp\/v2\/comments?post=82256"}],"version-history":[{"count":0,"href":"https:\/\/jms.com.bo\/mediamonitor\/wp-json\/wp\/v2\/posts\/82256\/revisions"}],"wp:featuredmedia":[{"embeddable":true,"href":"https:\/\/jms.com.bo\/mediamonitor\/wp-json\/wp\/v2\/media\/82257"}],"wp:attachment":[{"href":"https:\/\/jms.com.bo\/mediamonitor\/wp-json\/wp\/v2\/media?parent=82256"}],"wp:term":[{"taxonomy":"category","embeddable":true,"href":"https:\/\/jms.com.bo\/mediamonitor\/wp-json\/wp\/v2\/categories?post=82256"},{"taxonomy":"post_tag","embeddable":true,"href":"https:\/\/jms.com.bo\/mediamonitor\/wp-json\/wp\/v2\/tags?post=82256"}],"curies":[{"name":"wp","href":"https:\/\/api.w.org\/{rel}","templated":true}]}}