{"id":82258,"date":"2025-11-25T08:02:58","date_gmt":"2025-11-25T12:02:58","guid":{"rendered":"https:\/\/jms.com.bo\/mediamonitor\/2025\/11\/25\/beni-paga-la-luz-mas-cara-y-el-gobierno-ordena-auditoria-a-ende\/"},"modified":"2025-11-25T08:02:58","modified_gmt":"2025-11-25T12:02:58","slug":"beni-paga-la-luz-mas-cara-y-el-gobierno-ordena-auditoria-a-ende","status":"publish","type":"post","link":"https:\/\/jms.com.bo\/mediamonitor\/2025\/11\/25\/beni-paga-la-luz-mas-cara-y-el-gobierno-ordena-auditoria-a-ende\/","title":{"rendered":"Beni paga la luz m\u00e1s cara y el Gobierno ordena auditor\u00eda a ENDE"},"content":{"rendered":"<p style=\"text-align: justify;\">Una fuerte pol\u00e9mica estall\u00f3 este lunes en el departamento de Beni luego de que la viceministra de Autonom\u00edas, Andrea Barrientos, afirmara que el departamento paga la energ\u00eda el\u00e9ctrica m\u00e1s cara del pa\u00eds.<\/p>\n<p style=\"text-align: justify;\">Por ello, la autoridad anunci\u00f3 que buscar\u00e1 realizar una auditor\u00eda inmediata al sistema de cobro administrado a la subsidiaria de la Empresa Nacional de Electricidad (ENDE) del Beni.<\/p>\n<p style=\"text-align: justify;\">Durante su visita a Trinidad, donde sostuvo reuniones con sectores econ\u00f3micos y recorri\u00f3 instituciones p\u00fablicas, Barrientos fue consultada sobre el constante reclamo por las tarifas elevadas por parte de comerciantes y vecinos que se ven afectados.<\/p>\n<p style=\"text-align: justify;\">\u201cVamos a coordinar de una vez con el presidente (Rodrigo) Paz para ver c\u00f3mo auditamos el cobro de la energ\u00eda el\u00e9ctrica en el Beni, que hoy por hoy es el m\u00e1s caro del pa\u00eds\u201d, afirm\u00f3.<\/p>\n<p style=\"text-align: justify;\">Beni<br \/>\nIndic\u00f3 adem\u00e1s que la C\u00e1mara de Comercio ya present\u00f3 propuestas y documentaci\u00f3n que respaldan las denuncias.<\/p>\n<p style=\"text-align: justify;\">En un primer momento, se crey\u00f3 que la denuncia correspond\u00eda al incremento en las facturas de electricidad que se reportan a nivel nacional, pero se corrobor\u00f3 que el cobro es excesivo a lo largo del a\u00f1o y no solo en fechas cercanas al final de gesti\u00f3n.<\/p>\n<p style=\"text-align: justify;\">Peque\u00f1os negocios denuncian que los montos \u201cahogan\u201d sus finanzas, mientras que familias aseguran que el servicio b\u00e1sico se ha vuelto dif\u00edcil de sostener.<\/p>\n<p style=\"text-align: justify;\">Con la auditor\u00eda anunciada, todas las miradas se dirigen ahora a ENDE del Beni, que deber\u00e1 explicar por qu\u00e9 el costo del servicio es mayor en comparaci\u00f3n con el resto del pa\u00eds y cu\u00e1les son los criterios aplicados para la determinaci\u00f3n de tarifas.<\/p>\n<p style=\"text-align: justify;\">El Gobierno adelant\u00f3 que la revisi\u00f3n ser\u00e1 \u201cexhaustiva\u201d y que su objetivo es transparentar el sistema, verificar posibles irregularidades y garantizar que los usuarios paguen lo justo por el suministro el\u00e9ctrico.<\/p>\n<p style=\"text-align: justify;\">En tanto, en otras ciudades capitales denuncian que las \u00faltimas facturas de luz registraron incrementos de hasta un 100%, por lo que piden que las auditor\u00edas se realicen a nivel nacional y no solo en Beni.<\/p>\n","protected":false},"excerpt":{"rendered":"<p>Una fuerte pol\u00e9mica estall\u00f3 este lunes en el departamento de Beni luego de que la viceministra de Autonom\u00edas, Andrea Barrientos, afirmara que el departamento paga la energ\u00eda el\u00e9ctrica m\u00e1s cara del pa\u00eds. Por ello, la autoridad anunci\u00f3 que buscar\u00e1 realizar una auditor\u00eda inmediata al sistema de cobro administrado a la subsidiaria de la Empresa Nacional [&hellip;]<\/p>\n","protected":false},"author":2,"featured_media":76777,"comment_status":"closed","ping_status":"open","sticky":false,"template":"","format":"standard","meta":{"footnotes":""},"categories":[39,44,48],"tags":[],"class_list":{"0":"post-82258","1":"post","2":"type-post","3":"status-publish","4":"format-standard","5":"has-post-thumbnail","7":"category-energia","8":"category-portada-energia","9":"category-portada-general-sitio"},"_links":{"self":[{"href":"https:\/\/jms.com.bo\/mediamonitor\/wp-json\/wp\/v2\/posts\/82258","targetHints":{"allow":["GET"]}}],"collection":[{"href":"https:\/\/jms.com.bo\/mediamonitor\/wp-json\/wp\/v2\/posts"}],"about":[{"href":"https:\/\/jms.com.bo\/mediamonitor\/wp-json\/wp\/v2\/types\/post"}],"author":[{"embeddable":true,"href":"https:\/\/jms.com.bo\/mediamonitor\/wp-json\/wp\/v2\/users\/2"}],"replies":[{"embeddable":true,"href":"https:\/\/jms.com.bo\/mediamonitor\/wp-json\/wp\/v2\/comments?post=82258"}],"version-history":[{"count":0,"href":"https:\/\/jms.com.bo\/mediamonitor\/wp-json\/wp\/v2\/posts\/82258\/revisions"}],"wp:featuredmedia":[{"embeddable":true,"href":"https:\/\/jms.com.bo\/mediamonitor\/wp-json\/wp\/v2\/media\/76777"}],"wp:attachment":[{"href":"https:\/\/jms.com.bo\/mediamonitor\/wp-json\/wp\/v2\/media?parent=82258"}],"wp:term":[{"taxonomy":"category","embeddable":true,"href":"https:\/\/jms.com.bo\/mediamonitor\/wp-json\/wp\/v2\/categories?post=82258"},{"taxonomy":"post_tag","embeddable":true,"href":"https:\/\/jms.com.bo\/mediamonitor\/wp-json\/wp\/v2\/tags?post=82258"}],"curies":[{"name":"wp","href":"https:\/\/api.w.org\/{rel}","templated":true}]}}