{"id":82267,"date":"2025-11-26T07:02:26","date_gmt":"2025-11-26T11:02:26","guid":{"rendered":"https:\/\/jms.com.bo\/mediamonitor\/2025\/11\/26\/pacientes-oncologicos-reciben-quimioterapia-en-la-calle-por-falta-de-ambientes-y-personal\/"},"modified":"2025-11-26T07:02:26","modified_gmt":"2025-11-26T11:02:26","slug":"pacientes-oncologicos-reciben-quimioterapia-en-la-calle-por-falta-de-ambientes-y-personal","status":"publish","type":"post","link":"https:\/\/jms.com.bo\/mediamonitor\/2025\/11\/26\/pacientes-oncologicos-reciben-quimioterapia-en-la-calle-por-falta-de-ambientes-y-personal\/","title":{"rendered":"Pacientes oncol\u00f3gicos reciben quimioterapia \u201cen la calle\u201d por falta de ambientes y personal"},"content":{"rendered":"<p style=\"text-align: justify;\">Pacientes oncol\u00f3gicos denunciaron que est\u00e1n siendo obligados a recibir quimioterapia fuera de ambientes adecuados, incluso \u201cpr\u00e1cticamente en la calle\u201d, debido a la falta de personal y a la precariedad en la atenci\u00f3n de la sala de quimioterapia, en el ex Hospital del Quemado.<\/p>\n<p style=\"text-align: justify;\">Uno de los afectados relat\u00f3 que ayer fue enviado a su domicilio para continuar el tratamiento por su cuenta, pese a que en casa no contaba con nadie capacitado para controlar medicamentos tan fuertes y delicados. Ante la inseguridad del procedimiento, decidi\u00f3 regresar al hospital, donde termin\u00f3 recibiendo la quimioterapia fuera del \u00e1rea asignada.<\/p>\n<p style=\"text-align: justify;\">\u201cNos despacharon a hacer la quimio en casa, pero volv\u00ed porque no ten\u00eda qui\u00e9n controle el tratamiento. Termin\u00e9 haci\u00e9ndolo pr\u00e1cticamente en la calle\u201d, denunci\u00f3.<\/p>\n<p style=\"text-align: justify;\">Los pacientes afirman que el servicio funciona con personal reducido, lo que oblig\u00f3 a derivarlos a la sala de medicina de varones. \u201c\u00c9ramos cuatro. A dos los han despachado y dos se han quedado. Anoche nos enviaron a hacer la quimioterapia por nuestra cuenta\u201d, relataron.<\/p>\n<p style=\"text-align: justify;\">Tambi\u00e9n alertaron que recientemente les retiraron a una enfermera, lo que agrav\u00f3 a\u00fan m\u00e1s la situaci\u00f3n. \u201cEstamos preocupados, hay muchos enfermos: ni\u00f1os, mujeres, varones. No lo digo solo por m\u00ed\u201d, expres\u00f3 un paciente.<\/p>\n<p style=\"text-align: justify;\">Pidieron de manera urgente que el hospital habilite un centro de quimioterapia que funcione las 24 horas, debido a la alta demanda y a la gravedad de los casos. \u201cEstamos viviendo un v\u00eda crucis por la atenci\u00f3n\u201d, se\u00f1alaron.<\/p>\n<p style=\"text-align: justify;\">Incluso mostraron videos del ingreso de un compa\u00f1ero \u201ctotalmente descompuesto\u201d para evidenciar las condiciones en las que los pacientes est\u00e1n llegando y siendo atendidos.<\/p>\n","protected":false},"excerpt":{"rendered":"<p>Pacientes oncol\u00f3gicos denunciaron que est\u00e1n siendo obligados a recibir quimioterapia fuera de ambientes adecuados, incluso \u201cpr\u00e1cticamente en la calle\u201d, debido a la falta de personal y a la precariedad en la atenci\u00f3n de la sala de quimioterapia, en el ex Hospital del Quemado. Uno de los afectados relat\u00f3 que ayer fue enviado a su domicilio [&hellip;]<\/p>\n","protected":false},"author":2,"featured_media":82268,"comment_status":"closed","ping_status":"open","sticky":false,"template":"","format":"standard","meta":{"footnotes":""},"categories":[49],"tags":[],"class_list":{"0":"post-82267","1":"post","2":"type-post","3":"status-publish","4":"format-standard","5":"has-post-thumbnail","7":"category-social"},"_links":{"self":[{"href":"https:\/\/jms.com.bo\/mediamonitor\/wp-json\/wp\/v2\/posts\/82267","targetHints":{"allow":["GET"]}}],"collection":[{"href":"https:\/\/jms.com.bo\/mediamonitor\/wp-json\/wp\/v2\/posts"}],"about":[{"href":"https:\/\/jms.com.bo\/mediamonitor\/wp-json\/wp\/v2\/types\/post"}],"author":[{"embeddable":true,"href":"https:\/\/jms.com.bo\/mediamonitor\/wp-json\/wp\/v2\/users\/2"}],"replies":[{"embeddable":true,"href":"https:\/\/jms.com.bo\/mediamonitor\/wp-json\/wp\/v2\/comments?post=82267"}],"version-history":[{"count":0,"href":"https:\/\/jms.com.bo\/mediamonitor\/wp-json\/wp\/v2\/posts\/82267\/revisions"}],"wp:featuredmedia":[{"embeddable":true,"href":"https:\/\/jms.com.bo\/mediamonitor\/wp-json\/wp\/v2\/media\/82268"}],"wp:attachment":[{"href":"https:\/\/jms.com.bo\/mediamonitor\/wp-json\/wp\/v2\/media?parent=82267"}],"wp:term":[{"taxonomy":"category","embeddable":true,"href":"https:\/\/jms.com.bo\/mediamonitor\/wp-json\/wp\/v2\/categories?post=82267"},{"taxonomy":"post_tag","embeddable":true,"href":"https:\/\/jms.com.bo\/mediamonitor\/wp-json\/wp\/v2\/tags?post=82267"}],"curies":[{"name":"wp","href":"https:\/\/api.w.org\/{rel}","templated":true}]}}