{"id":82272,"date":"2025-11-26T07:07:47","date_gmt":"2025-11-26T11:07:47","guid":{"rendered":"https:\/\/jms.com.bo\/mediamonitor\/2025\/11\/26\/la-sib-pide-al-gobierno-decreto-para-actualizar-costos-de-materiales\/"},"modified":"2025-11-26T07:07:47","modified_gmt":"2025-11-26T11:07:47","slug":"la-sib-pide-al-gobierno-decreto-para-actualizar-costos-de-materiales","status":"publish","type":"post","link":"https:\/\/jms.com.bo\/mediamonitor\/2025\/11\/26\/la-sib-pide-al-gobierno-decreto-para-actualizar-costos-de-materiales\/","title":{"rendered":"La SIB pide al Gobierno decreto para actualizar costos de materiales"},"content":{"rendered":"<p style=\"text-align: justify;\">Mientras en el pa\u00eds se percibe una relativa estabilizaci\u00f3n de precios tras la asunci\u00f3n de Rodrigo Paz a la presidencia, este comportamiento no se replica en los materiales de construcci\u00f3n. La Sociedad de Ingenieros de Bolivia (SIB) volvi\u00f3 a pedir al Gobierno una actualizaci\u00f3n del decreto que permita nivelar el costo de estos insumos, un reclamo que \u2014recuerdan\u2014 ya fue planteado sin \u00e9xito al expresidente Luis Arce.<\/p>\n<p style=\"text-align: justify;\">El representante de la SIB en Tarija, Pascual Vel\u00e1squez, inform\u00f3 que el sector ha solicitado reuniones con las nuevas autoridades para ampliar el decreto de estabilizaci\u00f3n e incluir una actualizaci\u00f3n espec\u00edfica para los materiales de producci\u00f3n nacional.<\/p>\n<p style=\"text-align: justify;\">\u201cLos materiales nacionales han subido de manera considerable. El cemento que antes val\u00eda entre 45 y 48 bolivianos ahora cuesta entre 70 y 75 bolivianos. Lo mismo ocurre con el ladrillo, el cer\u00e1mico y otros insumos esenciales\u201d, explic\u00f3.<\/p>\n<p style=\"text-align: justify;\">Vel\u00e1squez sostuvo que la actualizaci\u00f3n de precios es \u201cimprescindible\u201d, y que el sector esperar\u00e1 la posesi\u00f3n del gabinete completo del Ejecutivo para que, desde la pr\u00f3xima semana, se atienda la problem\u00e1tica que afecta directamente a la construcci\u00f3n p\u00fablica y privada.<\/p>\n<p style=\"text-align: justify;\">\u201cA nivel nacional, el sector de la construcci\u00f3n genera cerca de 1,5 millones de fuentes de empleo entre obreros y profesionales. Si las obras se paralizan, lo primero que sucede es el despido de trabajadores, y entre ellos est\u00e1n nuestros colegas ingenieros que dirigen muchos de los proyectos\u201d, advirti\u00f3.<\/p>\n<p style=\"text-align: justify;\">Expectativas sobre el nuevo gobierno<\/p>\n<p style=\"text-align: justify;\">Consultado sobre las expectativas frente al gobierno de Rodrigo Paz, Vel\u00e1squez se\u00f1al\u00f3 que Tarija ha sido postergada durante a\u00f1os, con escasas obras p\u00fablicas en la \u00faltima d\u00e9cada. Record\u00f3 que la Gobernaci\u00f3n y Municipio atraviesan dificultades financieras y que el gobierno nacional saliente ejecut\u00f3 pocas inversiones relevantes.<\/p>\n<p style=\"text-align: justify;\">En ese sentido, expres\u00f3 que una de las obras estructurales de mayor urgencia es la presa El Carrizal. \u201cEs uno de los retos m\u00e1s importantes que tiene Rodrigo Paz. Esta obra es una esperanza para todos los tarije\u00f1os por su magnitud y la energ\u00eda que podr\u00eda generar para el departamento y el pa\u00eds\u201d, dijo.<\/p>\n<p style=\"text-align: justify;\">Importaciones en ca\u00edda<\/p>\n<p style=\"text-align: justify;\">Los datos del Instituto Boliviano de Comercio Exterior (IBCE) para el periodo 2015-2024 revelan una contracci\u00f3n sostenida en la importaci\u00f3n de materiales de construcci\u00f3n. Tras un pico en 2016, cuando el valor importado super\u00f3 los 1.222 millones de d\u00f3lares, la tendencia ha sido descendente hasta llegar a solo 272 millones en 2024, la cifra m\u00e1s baja en este periodo.<\/p>\n<p style=\"text-align: justify;\">En volumen, la ca\u00edda es igual de profunda: de m\u00e1s de 1,2 millones de toneladas importadas en 2016, Bolivia pas\u00f3 a apenas 345.537 toneladas en 2024. Esta reducci\u00f3n afecta principalmente a productos estrat\u00e9gicos como barras de hierro o acero sin alear \u2014el rubro m\u00e1s importado del sector\u2014, adem\u00e1s de perfiles y tubos de acero, esenciales para cualquier tipo de obra civil.<\/p>\n","protected":false},"excerpt":{"rendered":"<p>Mientras en el pa\u00eds se percibe una relativa estabilizaci\u00f3n de precios tras la asunci\u00f3n de Rodrigo Paz a la presidencia, este comportamiento no se replica en los materiales de construcci\u00f3n. La Sociedad de Ingenieros de Bolivia (SIB) volvi\u00f3 a pedir al Gobierno una actualizaci\u00f3n del decreto que permita nivelar el costo de estos insumos, un [&hellip;]<\/p>\n","protected":false},"author":2,"featured_media":82273,"comment_status":"closed","ping_status":"open","sticky":false,"template":"","format":"standard","meta":{"footnotes":""},"categories":[20],"tags":[],"class_list":{"0":"post-82272","1":"post","2":"type-post","3":"status-publish","4":"format-standard","5":"has-post-thumbnail","7":"category-actualidad"},"_links":{"self":[{"href":"https:\/\/jms.com.bo\/mediamonitor\/wp-json\/wp\/v2\/posts\/82272","targetHints":{"allow":["GET"]}}],"collection":[{"href":"https:\/\/jms.com.bo\/mediamonitor\/wp-json\/wp\/v2\/posts"}],"about":[{"href":"https:\/\/jms.com.bo\/mediamonitor\/wp-json\/wp\/v2\/types\/post"}],"author":[{"embeddable":true,"href":"https:\/\/jms.com.bo\/mediamonitor\/wp-json\/wp\/v2\/users\/2"}],"replies":[{"embeddable":true,"href":"https:\/\/jms.com.bo\/mediamonitor\/wp-json\/wp\/v2\/comments?post=82272"}],"version-history":[{"count":0,"href":"https:\/\/jms.com.bo\/mediamonitor\/wp-json\/wp\/v2\/posts\/82272\/revisions"}],"wp:featuredmedia":[{"embeddable":true,"href":"https:\/\/jms.com.bo\/mediamonitor\/wp-json\/wp\/v2\/media\/82273"}],"wp:attachment":[{"href":"https:\/\/jms.com.bo\/mediamonitor\/wp-json\/wp\/v2\/media?parent=82272"}],"wp:term":[{"taxonomy":"category","embeddable":true,"href":"https:\/\/jms.com.bo\/mediamonitor\/wp-json\/wp\/v2\/categories?post=82272"},{"taxonomy":"post_tag","embeddable":true,"href":"https:\/\/jms.com.bo\/mediamonitor\/wp-json\/wp\/v2\/tags?post=82272"}],"curies":[{"name":"wp","href":"https:\/\/api.w.org\/{rel}","templated":true}]}}