{"id":82323,"date":"2025-11-27T06:37:33","date_gmt":"2025-11-27T10:37:33","guid":{"rendered":"https:\/\/jms.com.bo\/mediamonitor\/2025\/11\/27\/rodrigo-paz-confio-en-los-profesionales-de-ende-se-tiene-que-reestructurar-la-empresa\/"},"modified":"2025-11-27T06:37:33","modified_gmt":"2025-11-27T10:37:33","slug":"rodrigo-paz-confio-en-los-profesionales-de-ende-se-tiene-que-reestructurar-la-empresa","status":"publish","type":"post","link":"https:\/\/jms.com.bo\/mediamonitor\/2025\/11\/27\/rodrigo-paz-confio-en-los-profesionales-de-ende-se-tiene-que-reestructurar-la-empresa\/","title":{"rendered":"Rodrigo Paz: \u201cConf\u00edo en los profesionales de ENDE, se tiene que reestructurar la empresa\u201d"},"content":{"rendered":"<p style=\"text-align: justify;\">El presidente del Estado, Rodrigo Paz Pereira, manifest\u00f3 este mi\u00e9rcoles que se tiene que restructurar la Empresa Nacional de Electricidad (ENDE) respetando la meritocracia.<\/p>\n<p style=\"text-align: justify;\">\u201cEstoy confiado en los profesionales de ENDE, tenemos que reestructurar la empresa. Aqu\u00ed la meritocracia y el respeto a cada uno de ustedes (trabajadores de Ende) va a ser preponderante para que saquemos, con eficiencia, no solo a ENDE central sino a sus 10 filiales\u201d, indic\u00f3 el mandatario durante una conferencia realizada, este mi\u00e9rcoles, en la entidad estatal.<\/p>\n<p style=\"text-align: justify;\">Paz Pereira se\u00f1al\u00f3, tras recabar informaci\u00f3n en esta visita, que de 10 focos que se enciende, siete funcionan a gas.<\/p>\n<p style=\"text-align: justify;\">\u201cPor la informaci\u00f3n de los profesionales (de Ende) de cada 10 foquitos que hay ac\u00e1, siete se encienden con gas. Y el gas para el 2028 se va acabar, esto no se lo invent\u00f3 Rodrigo (Paz) es una realidad de lo que est\u00e1 pasando y nosotros la vamos a encarar\u201d, complement\u00f3.<\/p>\n<p style=\"text-align: justify;\">\u201cHa sido una sorpresa conocer que la normativa del rubro (de electricidad) sigue siendo la Ley 1604, promulgada por (Gonzalo) S\u00e1nchez de Lozada, que viene a ser la Ley de la Capitalizaci\u00f3n a la que le han puesto parches. En resumen, no hemos generado una nueva normativa para dinamizar y modernizar el rubro, para, a su vez, generar un mejor servicio de energ\u00eda\u201d, a\u00f1adi\u00f3.<\/p>\n<p style=\"text-align: justify;\">Hace unos d\u00edas, la Central Obrera Boliviana (COB) mostr\u00f3 su preocupaci\u00f3n debido que se tendr\u00eda un proyecto de decreto supremo que busca que los trabajadores de Yacimientos Petrol\u00edferos Fiscales Bolivianos (YPFB) y de ENDE dejen de pertenecer al r\u00e9gimen de la Ley General del Trabajo para pasar a la Ley 2027 del Estatuto del Funcionario P\u00fablico.<\/p>\n<p style=\"text-align: justify;\">Este proyecto de decreto tendr\u00eda el objetivo de institucionalizar YPFB y ENDE bajo criterios de transparencia, eficiencia y meritocracia, eliminando los sindicatos internos y obligando a su personal a migrar al r\u00e9gimen de servidor p\u00fablico.<\/p>\n<p style=\"text-align: justify;\">La medida, seg\u00fan la COB, significar\u00eda la p\u00e9rdida de beneficios sociales, la restricci\u00f3n del derecho a la sindicalizaci\u00f3n.<\/p>\n","protected":false},"excerpt":{"rendered":"<p>El presidente del Estado, Rodrigo Paz Pereira, manifest\u00f3 este mi\u00e9rcoles que se tiene que restructurar la Empresa Nacional de Electricidad (ENDE) respetando la meritocracia. \u201cEstoy confiado en los profesionales de ENDE, tenemos que reestructurar la empresa. Aqu\u00ed la meritocracia y el respeto a cada uno de ustedes (trabajadores de Ende) va a ser preponderante para [&hellip;]<\/p>\n","protected":false},"author":2,"featured_media":32061,"comment_status":"closed","ping_status":"open","sticky":false,"template":"","format":"standard","meta":{"footnotes":""},"categories":[39],"tags":[],"class_list":{"0":"post-82323","1":"post","2":"type-post","3":"status-publish","4":"format-standard","5":"has-post-thumbnail","7":"category-energia"},"_links":{"self":[{"href":"https:\/\/jms.com.bo\/mediamonitor\/wp-json\/wp\/v2\/posts\/82323","targetHints":{"allow":["GET"]}}],"collection":[{"href":"https:\/\/jms.com.bo\/mediamonitor\/wp-json\/wp\/v2\/posts"}],"about":[{"href":"https:\/\/jms.com.bo\/mediamonitor\/wp-json\/wp\/v2\/types\/post"}],"author":[{"embeddable":true,"href":"https:\/\/jms.com.bo\/mediamonitor\/wp-json\/wp\/v2\/users\/2"}],"replies":[{"embeddable":true,"href":"https:\/\/jms.com.bo\/mediamonitor\/wp-json\/wp\/v2\/comments?post=82323"}],"version-history":[{"count":0,"href":"https:\/\/jms.com.bo\/mediamonitor\/wp-json\/wp\/v2\/posts\/82323\/revisions"}],"wp:featuredmedia":[{"embeddable":true,"href":"https:\/\/jms.com.bo\/mediamonitor\/wp-json\/wp\/v2\/media\/32061"}],"wp:attachment":[{"href":"https:\/\/jms.com.bo\/mediamonitor\/wp-json\/wp\/v2\/media?parent=82323"}],"wp:term":[{"taxonomy":"category","embeddable":true,"href":"https:\/\/jms.com.bo\/mediamonitor\/wp-json\/wp\/v2\/categories?post=82323"},{"taxonomy":"post_tag","embeddable":true,"href":"https:\/\/jms.com.bo\/mediamonitor\/wp-json\/wp\/v2\/tags?post=82323"}],"curies":[{"name":"wp","href":"https:\/\/api.w.org\/{rel}","templated":true}]}}