{"id":82336,"date":"2025-11-28T07:15:05","date_gmt":"2025-11-28T11:15:05","guid":{"rendered":"https:\/\/jms.com.bo\/mediamonitor\/2025\/11\/28\/el-viernes-se-reanuda-la-atencion-en-los-hospitales-de-santa-cruz\/"},"modified":"2025-11-28T07:15:05","modified_gmt":"2025-11-28T11:15:05","slug":"el-viernes-se-reanuda-la-atencion-en-los-hospitales-de-santa-cruz","status":"publish","type":"post","link":"https:\/\/jms.com.bo\/mediamonitor\/2025\/11\/28\/el-viernes-se-reanuda-la-atencion-en-los-hospitales-de-santa-cruz\/","title":{"rendered":"El viernes se reanuda la atenci\u00f3n en los hospitales de Santa Cruz"},"content":{"rendered":"<p style=\"text-align: justify;\">Este viernes, 28 de noviembre, se reanuda la atenci\u00f3n en los diferentes nosocomios de la capital cruce\u00f1a. Tras las 24 horas de paro acatadas por los diferentes niveles del sistema p\u00fablico de salud, todo vuelve a la normalidad.<\/p>\n<p style=\"text-align: justify;\">La Federaci\u00f3n de Profesionales en Salud (Fesirmes) y la Federaci\u00f3n de Trabajadores de Salud se unieron este jueves para cumplir un paro de 24 horas. El secretario de conflictos, Evert Pati\u00f1o, explic\u00f3 que se trata de una medida de presi\u00f3n contra las autoridades, tanto Alcald\u00eda municipal como Gobernaci\u00f3n cruce\u00f1a, que incumplen deberes con el sector salud.<\/p>\n<p style=\"text-align: justify;\">\u00abHoy estamos asumiendo una responsabilidad para con nuestros agremiados. Este paro es contundente a nivel departamental en los tres niveles de atenci\u00f3n, a nivel urbano y a nivel provincial. Ambos tenemos las mismas demandas (&#8230;) Nosotros no podemos avanzar si los colegas trabajadores no tienen tambi\u00e9n las condiciones que tambi\u00e9n nosotros exigimos. En ese sentido,\u00a0<strong>estamos pidiendo a las autoridades cumplan sus funciones<\/strong>\u00ab, explic\u00f3 Pati\u00f1o.<\/p>\n<div class=\"container-spot\" style=\"text-align: justify;\" data-tipo=\"tipo_todo\" data-pos=\"AMP_P1_cuerpo\">\n<div class=\" lazyloaded\" data-gpt=\"\/78777691\/_ED_nota\/amp_p1_cuerpo\" data-media=\"(min-width: 1024px)\" data-size=\"[[300,250],[300,100]]\" data-expand=\"300\">\n<div id=\"pppSlot9\" data-google-query-id=\"CJrz1-LblJEDFWurYQYdhossRA\">\n<div id=\"google_ads_iframe_\/78777691\/_ED_nota\/amp_p1_cuerpo_0__container__\">Hay que mencionar que desde enero de esta gesti\u00f3n, a la fecha, el sector a acatado 85 d\u00edas de paro de actividades.<\/div>\n<\/div>\n<\/div>\n<\/div>\n","protected":false},"excerpt":{"rendered":"<p>Este viernes, 28 de noviembre, se reanuda la atenci\u00f3n en los diferentes nosocomios de la capital cruce\u00f1a. Tras las 24 horas de paro acatadas por los diferentes niveles del sistema p\u00fablico de salud, todo vuelve a la normalidad. La Federaci\u00f3n de Profesionales en Salud (Fesirmes) y la Federaci\u00f3n de Trabajadores de Salud se unieron este [&hellip;]<\/p>\n","protected":false},"author":2,"featured_media":81600,"comment_status":"closed","ping_status":"open","sticky":false,"template":"","format":"standard","meta":{"footnotes":""},"categories":[49],"tags":[],"class_list":{"0":"post-82336","1":"post","2":"type-post","3":"status-publish","4":"format-standard","5":"has-post-thumbnail","7":"category-social"},"_links":{"self":[{"href":"https:\/\/jms.com.bo\/mediamonitor\/wp-json\/wp\/v2\/posts\/82336","targetHints":{"allow":["GET"]}}],"collection":[{"href":"https:\/\/jms.com.bo\/mediamonitor\/wp-json\/wp\/v2\/posts"}],"about":[{"href":"https:\/\/jms.com.bo\/mediamonitor\/wp-json\/wp\/v2\/types\/post"}],"author":[{"embeddable":true,"href":"https:\/\/jms.com.bo\/mediamonitor\/wp-json\/wp\/v2\/users\/2"}],"replies":[{"embeddable":true,"href":"https:\/\/jms.com.bo\/mediamonitor\/wp-json\/wp\/v2\/comments?post=82336"}],"version-history":[{"count":0,"href":"https:\/\/jms.com.bo\/mediamonitor\/wp-json\/wp\/v2\/posts\/82336\/revisions"}],"wp:featuredmedia":[{"embeddable":true,"href":"https:\/\/jms.com.bo\/mediamonitor\/wp-json\/wp\/v2\/media\/81600"}],"wp:attachment":[{"href":"https:\/\/jms.com.bo\/mediamonitor\/wp-json\/wp\/v2\/media?parent=82336"}],"wp:term":[{"taxonomy":"category","embeddable":true,"href":"https:\/\/jms.com.bo\/mediamonitor\/wp-json\/wp\/v2\/categories?post=82336"},{"taxonomy":"post_tag","embeddable":true,"href":"https:\/\/jms.com.bo\/mediamonitor\/wp-json\/wp\/v2\/tags?post=82336"}],"curies":[{"name":"wp","href":"https:\/\/api.w.org\/{rel}","templated":true}]}}