{"id":82337,"date":"2025-11-28T07:17:00","date_gmt":"2025-11-28T11:17:00","guid":{"rendered":"https:\/\/jms.com.bo\/mediamonitor\/2025\/11\/28\/gobierno-y-panificadores-libran-batalla-por-el-precio-del-pan\/"},"modified":"2025-11-28T07:17:00","modified_gmt":"2025-11-28T11:17:00","slug":"gobierno-y-panificadores-libran-batalla-por-el-precio-del-pan","status":"publish","type":"post","link":"https:\/\/jms.com.bo\/mediamonitor\/2025\/11\/28\/gobierno-y-panificadores-libran-batalla-por-el-precio-del-pan\/","title":{"rendered":"Gobierno y panificadores libran batalla por el precio del pan"},"content":{"rendered":"<p style=\"text-align: justify;\">El conflicto estall\u00f3 en cuesti\u00f3n de horas. La Confederaci\u00f3n de Panificadores anunci\u00f3 que, desde este jueves, el pan de batalla subir\u00eda de 50 a 80 centavos. La reacci\u00f3n oficial lleg\u00f3 de inmediato. En una conferencia de prensa junto a las alcald\u00edas de La Paz y El Alto, el viceministro de Comercio y Log\u00edstica Interna, Gustavo Serrano, fue categ\u00f3rico:<br \/>\n\u201cNo se mueven el precio ni el peso del pan de batalla. El pan continuar\u00e1 en 50 centavos y el peso seguir\u00e1 desde 60 gramos\u201d, afirm\u00f3.<\/p>\n<p style=\"text-align: justify;\">El Gobierno convoc\u00f3 a \u201clos verdaderos panificadores\u201d para definir \u201cc\u00f3mo se los seguir\u00e1 apoyando\u201d mediante la subvenci\u00f3n estatal. El ministro advirti\u00f3, adem\u00e1s, que existen \u201cmafias\u201d y \u201cclanes\u201d que, seg\u00fan la autoridad, se han beneficiado de la estructura de apoyo p\u00fablico hacia el sector.<\/p>\n<p style=\"text-align: justify;\">En el terreno, sin embargo, algunos puntos de venta en el occidente del pa\u00eds ya comercializaban el pan a 80 centavos, seg\u00fan reportes locales.<\/p>\n<p style=\"text-align: justify;\">Las alcald\u00edas anunciaron controles inmediatos. El alcalde de La Paz, Iv\u00e1n Arias, reiter\u00f3 que \u201cno se puede mover el precio del pan\u201d y solicit\u00f3 al Ejecutivo evitar la fuga de dirigentes investigados por presunta corrupci\u00f3n.<\/p>\n<p style=\"text-align: justify;\">La escena resume un problema que se repite c\u00edclicamente: cuando la harina subvencionada escasea, el pa\u00eds entra en una pulseada entre productores y Gobierno por un alimento que, m\u00e1s all\u00e1 de su valor nutritivo, tiene un peso simb\u00f3lico y pol\u00edtico evidente.<\/p>\n<p style=\"text-align: justify;\">Un precio pol\u00edtico que expone una estructura fr\u00e1gil<br \/>\nLa crisis actual es la nueva expresi\u00f3n de un conflicto que lleva a\u00f1os acumul\u00e1ndose. En diciembre y enero, panificadores de La Paz y El Alto se\u00f1alaron que la provisi\u00f3n de harina subvencionada hab\u00eda sido irregular. La preocupaci\u00f3n lleg\u00f3 a p\u00e1ginas de EL DEBER, donde representantes del sector denunciaron p\u00e9rdidas de hasta 63% cuando la harina estatal no llega a tiempo.<\/p>\n<p style=\"text-align: justify;\">Esa diferencia se explica de manera sencilla: sin el precio subvencionado, el quintal de harina en el mercado libre cuesta mucho m\u00e1s que el suministro estatal. Para 2024 y 2025, panificadores relataron que, ante los retrasos de EMAPA, se vieron obligados a comprar harina en mercados donde el precio pod\u00eda duplicar al subvencionado.<\/p>\n<p style=\"text-align: justify;\">Se profundiza el subsidio millonario<br \/>\nEl Gobierno sostiene que la subvenci\u00f3n est\u00e1 garantizada. El Ministerio de Desarrollo Productivo inform\u00f3 p\u00fablicamente, el 15 de enero de 2025, que EMAPA entregar\u00e1 2,5 millones de quintales de harina durante este a\u00f1o para mantener el pan de batalla en 50 centavos.<\/p>\n<p style=\"text-align: justify;\">La cifra no es menor. En 2023, la estatal ya hab\u00eda reportado la entrega de 2,1 millones de quintales, financiados parcialmente con compras de trigo al productor nacional por m\u00e1s de Bs 380 millones, seg\u00fan sus memorias institucionales.<\/p>\n<p style=\"text-align: justify;\">El economista Julio Prudencio B\u00f6hrt, en su estudio t\u00e9cnico \u201cLas subvenciones a los productos alimenticios. El caso de Bolivia\u201d , reconstruye con datos del Presupuesto General del Estado la magnitud del subsidio entre 2009 y 2022.<\/p>\n<p style=\"text-align: justify;\">Entre los hallazgos m\u00e1s relevantes figuran:<\/p>\n<p style=\"text-align: justify;\">2.284,9 millones de bolivianos destinados a subsidios alimentarios entre 2009 y 2014.<br \/>\nEn 2014, el monto lleg\u00f3 a 842,3 millones.<br \/>\nEn 2015, se registraron 730,7 millones.<br \/>\nEntre 2009 y 2022, los subsidios ejecutados v\u00eda EMAPA sumaron 4.431 millones de bolivianos en acopio y comercializaci\u00f3n (ma\u00edz, arroz y trigo).<br \/>\nAunque el estudio no desagrega el total exclusivo para el pan de batalla, s\u00ed confirma que el trigo y la harina representan una porci\u00f3n central del gasto alimentario del Estado durante m\u00e1s de una d\u00e9cada.<\/p>\n<p style=\"text-align: justify;\">Importar para vivir<\/p>\n<p style=\"text-align: justify;\">El Instituto Boliviano de Comercio Exterior (IBCE), utilizando datos del INE, detalla que entre 2002 y 2014 Bolivia import\u00f3 2,2 millones de toneladas de harina de trigo, por un valor aproximado de USD 771 millones.<\/p>\n<p style=\"text-align: justify;\">Adem\u00e1s, la plataforma de comercio exterior del INE muestra que Bolivia cubre menos del 30% de su demanda interna de trigo. La ecuaci\u00f3n es clara: el pan barato depende, simult\u00e1neamente, de la subvenci\u00f3n estatal y de un flujo constante de importaciones.<\/p>\n<p style=\"text-align: justify;\">Mientras la pol\u00edtica y los sindicatos se cruzan acusaciones, en las calles la crisis se expresa de manera tangible: panader\u00edas que reducen producci\u00f3n, consumidores confundidos, intendencias municipales en operativos y panificadores divididos entre quienes pueden mantener el precio y quienes lo consideran insostenible.<\/p>\n<p style=\"text-align: justify;\">\n<p style=\"text-align: justify;\">\n","protected":false},"excerpt":{"rendered":"<p>El conflicto estall\u00f3 en cuesti\u00f3n de horas. La Confederaci\u00f3n de Panificadores anunci\u00f3 que, desde este jueves, el pan de batalla subir\u00eda de 50 a 80 centavos. La reacci\u00f3n oficial lleg\u00f3 de inmediato. En una conferencia de prensa junto a las alcald\u00edas de La Paz y El Alto, el viceministro de Comercio y Log\u00edstica Interna, Gustavo [&hellip;]<\/p>\n","protected":false},"author":2,"featured_media":32126,"comment_status":"closed","ping_status":"open","sticky":false,"template":"","format":"standard","meta":{"footnotes":""},"categories":[49],"tags":[],"class_list":{"0":"post-82337","1":"post","2":"type-post","3":"status-publish","4":"format-standard","5":"has-post-thumbnail","7":"category-social"},"_links":{"self":[{"href":"https:\/\/jms.com.bo\/mediamonitor\/wp-json\/wp\/v2\/posts\/82337","targetHints":{"allow":["GET"]}}],"collection":[{"href":"https:\/\/jms.com.bo\/mediamonitor\/wp-json\/wp\/v2\/posts"}],"about":[{"href":"https:\/\/jms.com.bo\/mediamonitor\/wp-json\/wp\/v2\/types\/post"}],"author":[{"embeddable":true,"href":"https:\/\/jms.com.bo\/mediamonitor\/wp-json\/wp\/v2\/users\/2"}],"replies":[{"embeddable":true,"href":"https:\/\/jms.com.bo\/mediamonitor\/wp-json\/wp\/v2\/comments?post=82337"}],"version-history":[{"count":0,"href":"https:\/\/jms.com.bo\/mediamonitor\/wp-json\/wp\/v2\/posts\/82337\/revisions"}],"wp:featuredmedia":[{"embeddable":true,"href":"https:\/\/jms.com.bo\/mediamonitor\/wp-json\/wp\/v2\/media\/32126"}],"wp:attachment":[{"href":"https:\/\/jms.com.bo\/mediamonitor\/wp-json\/wp\/v2\/media?parent=82337"}],"wp:term":[{"taxonomy":"category","embeddable":true,"href":"https:\/\/jms.com.bo\/mediamonitor\/wp-json\/wp\/v2\/categories?post=82337"},{"taxonomy":"post_tag","embeddable":true,"href":"https:\/\/jms.com.bo\/mediamonitor\/wp-json\/wp\/v2\/tags?post=82337"}],"curies":[{"name":"wp","href":"https:\/\/api.w.org\/{rel}","templated":true}]}}