{"id":82338,"date":"2025-11-28T07:18:07","date_gmt":"2025-11-28T11:18:07","guid":{"rendered":"https:\/\/jms.com.bo\/mediamonitor\/2025\/11\/28\/vientos-huracanados-y-lluvias-causan-destrozos-en-bermejo\/"},"modified":"2025-11-28T07:18:07","modified_gmt":"2025-11-28T11:18:07","slug":"vientos-huracanados-y-lluvias-causan-destrozos-en-bermejo","status":"publish","type":"post","link":"https:\/\/jms.com.bo\/mediamonitor\/2025\/11\/28\/vientos-huracanados-y-lluvias-causan-destrozos-en-bermejo\/","title":{"rendered":"Vientos huracanados y lluvias causan destrozos en Bermejo"},"content":{"rendered":"<p style=\"text-align: justify;\">La localidad de Bermejo, en Tarija, sufri\u00f3 el impacto de vientos huracanados e intensas lluvias que derribaron \u00e1rboles y da\u00f1aron techos y cables del tendido el\u00e9ctrico. Tambi\u00e9n se reportaron inundaciones en diversas zonas.<\/p>\n<p style=\"text-align: justify;\">\u201cEl Gobierno Aut\u00f3nomo Municipal de Bermejo informa a la poblaci\u00f3n en general que, debido a los recientes vientos que provocaron la ca\u00edda de \u00e1rboles, el desprendimiento de ramas, cables el\u00e9ctricos colgando y otros incidentes en diferentes sectores de la ciudad, se recomienda tomar las m\u00e1ximas precauciones al momento de transitar por las calles\u201d, se\u00f1ala un comunicado emitido por la Alcald\u00eda de Bermejo la ma\u00f1ana de este jueves.<\/p>\n<p style=\"text-align: justify;\">Equipos municipales trabajan en la limpieza, despeje y verificaci\u00f3n de las \u00e1reas afectadas, por lo que se solicita mantener distancia de las zonas de riesgo.<\/p>\n<p style=\"text-align: justify;\">Videos e im\u00e1genes difundidos en medios locales muestran los da\u00f1os. En el colegio Octavio Campero Echaz\u00fa parte del cielo falso de un pasillo qued\u00f3 destruido. En algunas calles se observan calaminas desprendidas de varios techos.<\/p>\n<p style=\"text-align: justify;\">El alcalde de Bermejo, Irineo Flores, recibi\u00f3 esta ma\u00f1ana a representantes de la zona de Las Chalanas para evaluar los da\u00f1os y coordinar acciones de apoyo tras el temporal.<\/p>\n<p style=\"text-align: justify;\">\u201cDurante la reuni\u00f3n, la comitiva inform\u00f3 que varias familias y comerciantes resultaron perjudicados, report\u00e1ndose personas heridas y una p\u00e9rdida cuantiosa para tres socias que lo perdieron todo debido a los da\u00f1os ocasionados por el temporal\u201d, se informa en una publicaci\u00f3n la Alcald\u00eda de Bermejo en Facebook.<\/p>\n","protected":false},"excerpt":{"rendered":"<p>La localidad de Bermejo, en Tarija, sufri\u00f3 el impacto de vientos huracanados e intensas lluvias que derribaron \u00e1rboles y da\u00f1aron techos y cables del tendido el\u00e9ctrico. Tambi\u00e9n se reportaron inundaciones en diversas zonas. \u201cEl Gobierno Aut\u00f3nomo Municipal de Bermejo informa a la poblaci\u00f3n en general que, debido a los recientes vientos que provocaron la ca\u00edda [&hellip;]<\/p>\n","protected":false},"author":2,"featured_media":82339,"comment_status":"closed","ping_status":"open","sticky":false,"template":"","format":"standard","meta":{"footnotes":""},"categories":[20],"tags":[],"class_list":{"0":"post-82338","1":"post","2":"type-post","3":"status-publish","4":"format-standard","5":"has-post-thumbnail","7":"category-actualidad"},"_links":{"self":[{"href":"https:\/\/jms.com.bo\/mediamonitor\/wp-json\/wp\/v2\/posts\/82338","targetHints":{"allow":["GET"]}}],"collection":[{"href":"https:\/\/jms.com.bo\/mediamonitor\/wp-json\/wp\/v2\/posts"}],"about":[{"href":"https:\/\/jms.com.bo\/mediamonitor\/wp-json\/wp\/v2\/types\/post"}],"author":[{"embeddable":true,"href":"https:\/\/jms.com.bo\/mediamonitor\/wp-json\/wp\/v2\/users\/2"}],"replies":[{"embeddable":true,"href":"https:\/\/jms.com.bo\/mediamonitor\/wp-json\/wp\/v2\/comments?post=82338"}],"version-history":[{"count":0,"href":"https:\/\/jms.com.bo\/mediamonitor\/wp-json\/wp\/v2\/posts\/82338\/revisions"}],"wp:featuredmedia":[{"embeddable":true,"href":"https:\/\/jms.com.bo\/mediamonitor\/wp-json\/wp\/v2\/media\/82339"}],"wp:attachment":[{"href":"https:\/\/jms.com.bo\/mediamonitor\/wp-json\/wp\/v2\/media?parent=82338"}],"wp:term":[{"taxonomy":"category","embeddable":true,"href":"https:\/\/jms.com.bo\/mediamonitor\/wp-json\/wp\/v2\/categories?post=82338"},{"taxonomy":"post_tag","embeddable":true,"href":"https:\/\/jms.com.bo\/mediamonitor\/wp-json\/wp\/v2\/tags?post=82338"}],"curies":[{"name":"wp","href":"https:\/\/api.w.org\/{rel}","templated":true}]}}