{"id":82348,"date":"2025-11-28T07:28:55","date_gmt":"2025-11-28T11:28:55","guid":{"rendered":"https:\/\/jms.com.bo\/mediamonitor\/2025\/11\/28\/paz-pereira-estima-que-bonos-de-carbono-generaran-hasta-us-25-000-mm\/"},"modified":"2025-11-28T07:28:55","modified_gmt":"2025-11-28T11:28:55","slug":"paz-pereira-estima-que-bonos-de-carbono-generaran-hasta-us-25-000-mm","status":"publish","type":"post","link":"https:\/\/jms.com.bo\/mediamonitor\/2025\/11\/28\/paz-pereira-estima-que-bonos-de-carbono-generaran-hasta-us-25-000-mm\/","title":{"rendered":"Paz Pereira estima que bonos de carbono generar\u00e1n hasta $us 25.000 MM"},"content":{"rendered":"<p style=\"text-align: justify;\">Durante la inauguraci\u00f3n de la Unidad Militar de Emergencia y Ecol\u00f3gica, en el municipio de Warnes, Santa Cruz, el presidente Rodrigo Paz Pereira adelant\u00f3 que la defensa y preservaci\u00f3n del medio ambiente permitir\u00e1 captar grandes recursos econ\u00f3micos.<\/p>\n<p style=\"text-align: justify;\">De acuerdo con el mandatario, en los pr\u00f3ximos 15 a\u00f1os los bonos de carbono a nivel mundial generar\u00e1n hasta $us 25.000 millones, por lo que, si el pa\u00eds empieza a defender la Amazon\u00eda y sus reservorios desde ahora, podr\u00e1 captar una parte de esos recursos.<\/p>\n<p style=\"text-align: justify;\">\u201cVamos a llevar adelante la aplicaci\u00f3n de bonos de carbono y eso va a generar movimiento econ\u00f3mico en los siguientes 15 a 17 a\u00f1os, un poco m\u00e1s de 20.000 a 25.000 millones de d\u00f3lares y esa defensa va a tambi\u00e9n significar recursos para el pa\u00eds y para las Fuerzas Armadas\u201d, afirm\u00f3 en conferencia de prensa.<\/p>\n<p style=\"text-align: justify;\">Acompa\u00f1ado por el ministro de Defensa, Ra\u00fal Salinas, Paz Pereira verific\u00f3 que la Unidad Militar de Emergencia y Ecol\u00f3gica permitir\u00e1 mejorar la respuesta contra fen\u00f3menos clim\u00e1ticos como los incendios forestales.<\/p>\n<p style=\"text-align: justify;\">En su criterio, la Constituci\u00f3n Pol\u00edtica establece preservar el medio ambiente, pero las gestiones del Movimiento Al Socialismo (MAS) se preocuparon m\u00e1s de lo ideol\u00f3gico y no de lo pr\u00e1ctico.<\/p>\n<p style=\"text-align: justify;\">Fuerzas Armadas<br \/>\n\u201cEstamos haciendo un trabajo para preservar y tambi\u00e9n para, poco a poco, ir dignificando a trav\u00e9s de los recursos que vengan del retorno de esta nueva defensa (del medio ambiente) que manda la Constituci\u00f3n, pero que nunca se aplic\u00f3 porque se ve\u00eda m\u00e1s unas Fuerzas Armadas de orden ideol\u00f3gico\u201d, critic\u00f3.<\/p>\n<p style=\"text-align: justify;\">Por ello, asegur\u00f3 que el dinero que el pa\u00eds logre captar a trav\u00e9s de bonos de carbono y fondos verdes se destinar\u00e1n para las Fuerzas Armadas.<\/p>\n<p style=\"text-align: justify;\">\u201cEsta acci\u00f3n que han visto hoy d\u00eda le va a traer muchos recursos a nuestras Fuerzas Armadas porque la defensa del medio ambiente trae recursos a nivel mundial\u201d, se\u00f1al\u00f3, luego de verificar c\u00f3mo opera la Unidad Militar de Emergencia y Ecol\u00f3gica.<\/p>\n<p style=\"text-align: justify;\">Durante la explicaci\u00f3n, se se\u00f1al\u00f3 que se espera capacitar a una mayor cantidad de militares y bomberos forestales para hacer frente a posibles incendios que puedan aparecer en la gesti\u00f3n 2026.<\/p>\n<p style=\"text-align: justify;\">En la visita a la COP30, el vicepresidente Edmand Lara y el ministro de Desarrollo Productivo, Rural y Agua, Oscar Justiniano, confirmaron que los bonos verdes representan una gran oportunidad econ\u00f3mica para el pa\u00eds.<\/p>\n","protected":false},"excerpt":{"rendered":"<p>Durante la inauguraci\u00f3n de la Unidad Militar de Emergencia y Ecol\u00f3gica, en el municipio de Warnes, Santa Cruz, el presidente Rodrigo Paz Pereira adelant\u00f3 que la defensa y preservaci\u00f3n del medio ambiente permitir\u00e1 captar grandes recursos econ\u00f3micos. De acuerdo con el mandatario, en los pr\u00f3ximos 15 a\u00f1os los bonos de carbono a nivel mundial generar\u00e1n [&hellip;]<\/p>\n","protected":false},"author":2,"featured_media":79689,"comment_status":"closed","ping_status":"open","sticky":false,"template":"","format":"standard","meta":{"footnotes":""},"categories":[25],"tags":[],"class_list":{"0":"post-82348","1":"post","2":"type-post","3":"status-publish","4":"format-standard","5":"has-post-thumbnail","7":"category-economia"},"_links":{"self":[{"href":"https:\/\/jms.com.bo\/mediamonitor\/wp-json\/wp\/v2\/posts\/82348","targetHints":{"allow":["GET"]}}],"collection":[{"href":"https:\/\/jms.com.bo\/mediamonitor\/wp-json\/wp\/v2\/posts"}],"about":[{"href":"https:\/\/jms.com.bo\/mediamonitor\/wp-json\/wp\/v2\/types\/post"}],"author":[{"embeddable":true,"href":"https:\/\/jms.com.bo\/mediamonitor\/wp-json\/wp\/v2\/users\/2"}],"replies":[{"embeddable":true,"href":"https:\/\/jms.com.bo\/mediamonitor\/wp-json\/wp\/v2\/comments?post=82348"}],"version-history":[{"count":0,"href":"https:\/\/jms.com.bo\/mediamonitor\/wp-json\/wp\/v2\/posts\/82348\/revisions"}],"wp:featuredmedia":[{"embeddable":true,"href":"https:\/\/jms.com.bo\/mediamonitor\/wp-json\/wp\/v2\/media\/79689"}],"wp:attachment":[{"href":"https:\/\/jms.com.bo\/mediamonitor\/wp-json\/wp\/v2\/media?parent=82348"}],"wp:term":[{"taxonomy":"category","embeddable":true,"href":"https:\/\/jms.com.bo\/mediamonitor\/wp-json\/wp\/v2\/categories?post=82348"},{"taxonomy":"post_tag","embeddable":true,"href":"https:\/\/jms.com.bo\/mediamonitor\/wp-json\/wp\/v2\/tags?post=82348"}],"curies":[{"name":"wp","href":"https:\/\/api.w.org\/{rel}","templated":true}]}}