{"id":82350,"date":"2025-11-28T07:32:37","date_gmt":"2025-11-28T11:32:37","guid":{"rendered":"https:\/\/jms.com.bo\/mediamonitor\/2025\/11\/28\/fiscalia-avanza-indagacion-por-presunto-dano-de-bs-62-millones-en-emapa\/"},"modified":"2025-11-28T07:32:37","modified_gmt":"2025-11-28T11:32:37","slug":"fiscalia-avanza-indagacion-por-presunto-dano-de-bs-62-millones-en-emapa","status":"publish","type":"post","link":"https:\/\/jms.com.bo\/mediamonitor\/2025\/11\/28\/fiscalia-avanza-indagacion-por-presunto-dano-de-bs-62-millones-en-emapa\/","title":{"rendered":"Fiscal\u00eda avanza indagaci\u00f3n por presunto da\u00f1o de Bs 6,2 millones en Emapa"},"content":{"rendered":"<p style=\"text-align: justify;\">Avanza la intervenci\u00f3n en Emapa. Tras la revelaci\u00f3n, el pasado martes, de varios supuestos casos de corrupci\u00f3n en la Empresa de Apoyo a la Producci\u00f3n de Alimentos, las indagaciones se concentran, de momento, en dos casos de convenios irregulares.<\/p>\n<p style=\"text-align: justify;\">Omar Quisbert, fiscal del caso inform\u00f3 la tarde de este jueves que el Ministerio P\u00fablico realiz\u00f3 un registro en oficinas de la estatal en La Paz \u201cdonde se colect\u00f3 elementos para la investigaci\u00f3n a cargo del fiscal suscrito y la comisi\u00f3n de investigadores\u201d.<\/p>\n<p style=\"text-align: justify;\">Seg\u00fan Quisbert, que refiri\u00f3 a las denuncias del Viceministerio de Transparencia, hay numerosas evidencias de que hubo dos convenios irregulares gestados en Emapa, \u201cque habr\u00edan causado un da\u00f1o econ\u00f3mico de al menos Bs 6,2 millones al Estado\u201d. En el operativo se colect\u00f3 documentaci\u00f3n y se tom\u00f3 registro de los funcionarios presuntamente involucrados.<\/p>\n<p style=\"text-align: justify;\">El fiscal asignado se\u00f1al\u00f3 que \u201cen el transcurso de la jornada se va a analizar el material colectado\u201d para luego trabajar en la citaci\u00f3n de testigos y los requerimientos de declaraci\u00f3n de los implicados\u201d.<\/p>\n<p style=\"text-align: justify;\">El martes, el ministro de Desarrollo Productivo, \u00d3scar Mario Justiniano, inform\u00f3 de una serie de irregularidades detectadas en Emapa, que, en su conjunto, seg\u00fan estimaciones preliminares, generaron un da\u00f1o econ\u00f3mico total de Bs 95,5 millones, debido a contratos incumplidos, producci\u00f3n inexistente, servicios no prestados y manipulaci\u00f3n deliberada de informes, entre otros.<\/p>\n","protected":false},"excerpt":{"rendered":"<p>Avanza la intervenci\u00f3n en Emapa. Tras la revelaci\u00f3n, el pasado martes, de varios supuestos casos de corrupci\u00f3n en la Empresa de Apoyo a la Producci\u00f3n de Alimentos, las indagaciones se concentran, de momento, en dos casos de convenios irregulares. Omar Quisbert, fiscal del caso inform\u00f3 la tarde de este jueves que el Ministerio P\u00fablico realiz\u00f3 [&hellip;]<\/p>\n","protected":false},"author":2,"featured_media":82351,"comment_status":"closed","ping_status":"open","sticky":false,"template":"","format":"standard","meta":{"footnotes":""},"categories":[25],"tags":[],"class_list":{"0":"post-82350","1":"post","2":"type-post","3":"status-publish","4":"format-standard","5":"has-post-thumbnail","7":"category-economia"},"_links":{"self":[{"href":"https:\/\/jms.com.bo\/mediamonitor\/wp-json\/wp\/v2\/posts\/82350","targetHints":{"allow":["GET"]}}],"collection":[{"href":"https:\/\/jms.com.bo\/mediamonitor\/wp-json\/wp\/v2\/posts"}],"about":[{"href":"https:\/\/jms.com.bo\/mediamonitor\/wp-json\/wp\/v2\/types\/post"}],"author":[{"embeddable":true,"href":"https:\/\/jms.com.bo\/mediamonitor\/wp-json\/wp\/v2\/users\/2"}],"replies":[{"embeddable":true,"href":"https:\/\/jms.com.bo\/mediamonitor\/wp-json\/wp\/v2\/comments?post=82350"}],"version-history":[{"count":0,"href":"https:\/\/jms.com.bo\/mediamonitor\/wp-json\/wp\/v2\/posts\/82350\/revisions"}],"wp:featuredmedia":[{"embeddable":true,"href":"https:\/\/jms.com.bo\/mediamonitor\/wp-json\/wp\/v2\/media\/82351"}],"wp:attachment":[{"href":"https:\/\/jms.com.bo\/mediamonitor\/wp-json\/wp\/v2\/media?parent=82350"}],"wp:term":[{"taxonomy":"category","embeddable":true,"href":"https:\/\/jms.com.bo\/mediamonitor\/wp-json\/wp\/v2\/categories?post=82350"},{"taxonomy":"post_tag","embeddable":true,"href":"https:\/\/jms.com.bo\/mediamonitor\/wp-json\/wp\/v2\/tags?post=82350"}],"curies":[{"name":"wp","href":"https:\/\/api.w.org\/{rel}","templated":true}]}}