{"id":82352,"date":"2025-11-28T07:34:07","date_gmt":"2025-11-28T11:34:07","guid":{"rendered":"https:\/\/jms.com.bo\/mediamonitor\/2025\/11\/28\/gobierno-alista-devolver-los-us-2-700-millones-que-la-gestion-arce-tomo-de-la-banca-privada\/"},"modified":"2025-11-28T07:34:07","modified_gmt":"2025-11-28T11:34:07","slug":"gobierno-alista-devolver-los-us-2-700-millones-que-la-gestion-arce-tomo-de-la-banca-privada","status":"publish","type":"post","link":"https:\/\/jms.com.bo\/mediamonitor\/2025\/11\/28\/gobierno-alista-devolver-los-us-2-700-millones-que-la-gestion-arce-tomo-de-la-banca-privada\/","title":{"rendered":"Gobierno alista devolver los $us 2.700 millones que la gesti\u00f3n Arce tom\u00f3 de la banca privada"},"content":{"rendered":"<p style=\"text-align: justify;\">La incertidumbre por saber cu\u00e1ndo los ahorristas iban a poder retirar sus d\u00f3lares depositados en la banca nacional ya tiene fecha. El ministro de Econom\u00eda y Finanzas P\u00fablicas, Jos\u00e9 Gabriel Espinoza, en contacto con el programa Influyentes del Grupo EL DEBER, indic\u00f3 que esa medida si concretar\u00eda en dos o tres trimestres.<\/p>\n<p style=\"text-align: justify;\">La autoridad indic\u00f3 que \u201cevidentemente los ahorristas quieren recuperar sus recursos\u201d y que el Gobierno est\u00e1 \u201cconsciente de eso\u201d, por lo que se busca fortalecer las reservas del Banco Central de Bolivia (BCB).<\/p>\n<p style=\"text-align: justify;\">Sobre el tema, Germ\u00e1n Molina, economista, se\u00f1al\u00f3 que el anuncio es una buena noticia, porque es un paso m\u00e1s a la devoluci\u00f3n de la confianza del ahorrista y de los agentes econ\u00f3micos que tendr\u00e1n la posibilidad de retirar sus d\u00f3lares y de volver a depositarlos.<\/p>\n<p style=\"text-align: justify;\">\u201cA este anunci\u00f3 se debe agregar el de la abrogaci\u00f3n de los cuatro impuestos que est\u00e1n ligados con la actividad empresarial. Dejar sin efecto el cobro por traer, sacar o realizar transacciones por arriba de los 2.000 d\u00f3lares es algo positivo y es un indicio de respeto a la actividad privada\u201d, puntualiz\u00f3 Molina.<\/p>\n<p style=\"text-align: justify;\">En cuanto a los plazos para cumplir con lo anunciado por Espinoza, Molina fue cauto y remarc\u00f3 que en econom\u00eda, por lo general, no es adecuado dar fechas, pues eso genera grandes \u201cexpectativas y que si no se las cumple la autoridad que lo anunci\u00f3 pierde credibilidad\u201d, remarc\u00f3 Molina.<\/p>\n<p style=\"text-align: justify;\">A su vez, el economista, Fernando Romero, tambi\u00e9n destac\u00f3 la posibilidad de una devoluci\u00f3n de los d\u00f3lares a los ahorristas que desde 2023 se vieron impedidos para retirar de la banca sus dep\u00f3sitos en la moneda estadounidense.<\/p>\n<p style=\"text-align: justify;\">Romero hizo notar que, para cumplir con lo anunciado, el Gobierno deber\u00e1 ver cu\u00e1les ser\u00e1n las fuentes de financiaci\u00f3n.<\/p>\n<p style=\"text-align: justify;\">\u201cNo me imagino que cerca de un 30% de la l\u00ednea de financiamiento por $us 9.000 millones se lo vaya a destinar para la devoluci\u00f3n de los d\u00f3lares al sector bancario. Tambi\u00e9n se deber\u00e1 definir si la devoluci\u00f3n ser\u00e1 total o parcial\u201d, indic\u00f3 Romero.<\/p>\n<p style=\"text-align: justify;\">El economista reiter\u00f3 que este tipo de anuncios genera buenas expectativas y demuestran que la actual administraci\u00f3n busca hacer las cosas de manera responsable.<\/p>\n<p style=\"text-align: justify;\">Los hechos<br \/>\nEl corralito \u201cno oficial, pero si t\u00e9cnico\u201d, de los d\u00f3lares, como lo define Romero, es resultado de diferentes medidas y hechos asumidos por el Gobierno y que provocaron que, desde 2023, la divisa estadounidense pase de los ahorristas al Banco Central de Bolivia (BCB).<\/p>\n<p style=\"text-align: justify;\">Una situaci\u00f3n clave fue en marzo de 2023, cuando BCB se convirti\u00f3 en el principal (y casi \u00fanico) proveedor de d\u00f3lares. Esa situaci\u00f3n aument\u00f3 la escasez de d\u00f3lares en el mercado. El hecho se da en un contexto de acumulaci\u00f3n de operaciones de intercambio de divisas voluntarias (de la banca privada al BCB) desde 2017 y la obligatoriedad actual para entidades p\u00fablicas de entregar sus divisas al BCB para cubrir obligaciones del Estado, como importaciones y deuda externa.<\/p>\n<p style=\"text-align: justify;\">Desde 2017, se implement\u00f3 un sistema de intercambio voluntario donde la banca privada entregaba d\u00f3lares al BCB a cambio de bolivianos. En marzo de 2023, la escasez de d\u00f3lares se agudiz\u00f3, posicionando al BCB como el principal proveedor.<\/p>\n<p style=\"text-align: justify;\">El impacto<\/p>\n<p style=\"text-align: justify;\">Para Alejandro Banegas, exdirector del BCB, aparte de genera confianza en el sector financiero, la inyecci\u00f3n de estos recursos tendr\u00e1 un impacto en la estabilizaci\u00f3n del tipo de cambio.<\/p>\n<p style=\"text-align: justify;\">\u201cLograr un equilibro en el tipo de cambio sin dudas que ser\u00e1 una de los primeros impactos. Y eso no es un dato menor, sino un efecto que tendr\u00e1 un alcance importante en la actividad econ\u00f3mica del pa\u00eds\u201d, remarc\u00f3 Banegas.<\/p>\n<p style=\"text-align: justify;\">Que considera que debe haber un plan de devoluci\u00f3n escalonado de $us 2.700 millones, para no presionar en la capacidad de pago que tenga el Gobierno.<\/p>\n<p style=\"text-align: justify;\">\n","protected":false},"excerpt":{"rendered":"<p>La incertidumbre por saber cu\u00e1ndo los ahorristas iban a poder retirar sus d\u00f3lares depositados en la banca nacional ya tiene fecha. El ministro de Econom\u00eda y Finanzas P\u00fablicas, Jos\u00e9 Gabriel Espinoza, en contacto con el programa Influyentes del Grupo EL DEBER, indic\u00f3 que esa medida si concretar\u00eda en dos o tres trimestres. La autoridad indic\u00f3 [&hellip;]<\/p>\n","protected":false},"author":2,"featured_media":31881,"comment_status":"closed","ping_status":"open","sticky":false,"template":"","format":"standard","meta":{"footnotes":""},"categories":[25,45,48],"tags":[],"class_list":{"0":"post-82352","1":"post","2":"type-post","3":"status-publish","4":"format-standard","5":"has-post-thumbnail","7":"category-economia","8":"category-portada-economia","9":"category-portada-general-sitio"},"_links":{"self":[{"href":"https:\/\/jms.com.bo\/mediamonitor\/wp-json\/wp\/v2\/posts\/82352","targetHints":{"allow":["GET"]}}],"collection":[{"href":"https:\/\/jms.com.bo\/mediamonitor\/wp-json\/wp\/v2\/posts"}],"about":[{"href":"https:\/\/jms.com.bo\/mediamonitor\/wp-json\/wp\/v2\/types\/post"}],"author":[{"embeddable":true,"href":"https:\/\/jms.com.bo\/mediamonitor\/wp-json\/wp\/v2\/users\/2"}],"replies":[{"embeddable":true,"href":"https:\/\/jms.com.bo\/mediamonitor\/wp-json\/wp\/v2\/comments?post=82352"}],"version-history":[{"count":0,"href":"https:\/\/jms.com.bo\/mediamonitor\/wp-json\/wp\/v2\/posts\/82352\/revisions"}],"wp:featuredmedia":[{"embeddable":true,"href":"https:\/\/jms.com.bo\/mediamonitor\/wp-json\/wp\/v2\/media\/31881"}],"wp:attachment":[{"href":"https:\/\/jms.com.bo\/mediamonitor\/wp-json\/wp\/v2\/media?parent=82352"}],"wp:term":[{"taxonomy":"category","embeddable":true,"href":"https:\/\/jms.com.bo\/mediamonitor\/wp-json\/wp\/v2\/categories?post=82352"},{"taxonomy":"post_tag","embeddable":true,"href":"https:\/\/jms.com.bo\/mediamonitor\/wp-json\/wp\/v2\/tags?post=82352"}],"curies":[{"name":"wp","href":"https:\/\/api.w.org\/{rel}","templated":true}]}}