{"id":82353,"date":"2025-11-28T07:35:36","date_gmt":"2025-11-28T11:35:36","guid":{"rendered":"https:\/\/jms.com.bo\/mediamonitor\/2025\/11\/28\/setar-bermejo-reporta-danos-historicos-por-vientos-huracanados-y-trabaja-para-restablecer-la-energia\/"},"modified":"2025-11-28T07:35:36","modified_gmt":"2025-11-28T11:35:36","slug":"setar-bermejo-reporta-danos-historicos-por-vientos-huracanados-y-trabaja-para-restablecer-la-energia","status":"publish","type":"post","link":"https:\/\/jms.com.bo\/mediamonitor\/2025\/11\/28\/setar-bermejo-reporta-danos-historicos-por-vientos-huracanados-y-trabaja-para-restablecer-la-energia\/","title":{"rendered":"SETAR Bermejo reporta da\u00f1os hist\u00f3ricos por vientos huracanados y trabaja para restablecer la energ\u00eda"},"content":{"rendered":"<p style=\"text-align: justify;\">El responsable de SETAR en Bermejo, Edwin Flores, inform\u00f3 que los vientos huracanados registrados en las \u00faltimas horas provocaron da\u00f1os \u201chist\u00f3ricos\u201d en el sistema el\u00e9ctrico del municipio. La intensidad del fen\u00f3meno derrib\u00f3 m\u00e1s de una docena de postes, dejando sin energ\u00eda a distintos sectores urbanos y comunidades aleda\u00f1as.<\/p>\n<p style=\"text-align: justify;\">Flores explic\u00f3 que las cuadrillas de SETAR trabajan desde ayer para reponer la infraestructura afectada, y que se mantiene un despliegue ampliado gracias al apoyo del Gobernador de Tarija, quien envi\u00f3 personal especializado desde la capital departamental para coadyuvar en las labores.<\/p>\n<p style=\"text-align: justify;\">\u201cEs algo hist\u00f3rico, nunca pas\u00f3. Los da\u00f1os son cuantiosos\u201d, se\u00f1al\u00f3 la autoridad, destacando que el primer objetivo es estabilizar la red principal para luego proceder al tendido de l\u00edneas en los puntos m\u00e1s cr\u00edticos.<\/p>\n<p style=\"text-align: justify;\">SETAR estima que el suministro el\u00e9ctrico se restablecer\u00e1 en el centro de la ciudad hasta el mediod\u00eda, mientras que en las comunidades campesinas el servicio podr\u00eda volver hacia el final de la tarde, dependiendo del avance de los trabajos y las condiciones clim\u00e1ticas.<\/p>\n<p style=\"text-align: justify;\">\n","protected":false},"excerpt":{"rendered":"<p>El responsable de SETAR en Bermejo, Edwin Flores, inform\u00f3 que los vientos huracanados registrados en las \u00faltimas horas provocaron da\u00f1os \u201chist\u00f3ricos\u201d en el sistema el\u00e9ctrico del municipio. La intensidad del fen\u00f3meno derrib\u00f3 m\u00e1s de una docena de postes, dejando sin energ\u00eda a distintos sectores urbanos y comunidades aleda\u00f1as. Flores explic\u00f3 que las cuadrillas de SETAR [&hellip;]<\/p>\n","protected":false},"author":2,"featured_media":82354,"comment_status":"closed","ping_status":"open","sticky":false,"template":"","format":"standard","meta":{"footnotes":""},"categories":[39,44,48],"tags":[],"class_list":{"0":"post-82353","1":"post","2":"type-post","3":"status-publish","4":"format-standard","5":"has-post-thumbnail","7":"category-energia","8":"category-portada-energia","9":"category-portada-general-sitio"},"_links":{"self":[{"href":"https:\/\/jms.com.bo\/mediamonitor\/wp-json\/wp\/v2\/posts\/82353","targetHints":{"allow":["GET"]}}],"collection":[{"href":"https:\/\/jms.com.bo\/mediamonitor\/wp-json\/wp\/v2\/posts"}],"about":[{"href":"https:\/\/jms.com.bo\/mediamonitor\/wp-json\/wp\/v2\/types\/post"}],"author":[{"embeddable":true,"href":"https:\/\/jms.com.bo\/mediamonitor\/wp-json\/wp\/v2\/users\/2"}],"replies":[{"embeddable":true,"href":"https:\/\/jms.com.bo\/mediamonitor\/wp-json\/wp\/v2\/comments?post=82353"}],"version-history":[{"count":0,"href":"https:\/\/jms.com.bo\/mediamonitor\/wp-json\/wp\/v2\/posts\/82353\/revisions"}],"wp:featuredmedia":[{"embeddable":true,"href":"https:\/\/jms.com.bo\/mediamonitor\/wp-json\/wp\/v2\/media\/82354"}],"wp:attachment":[{"href":"https:\/\/jms.com.bo\/mediamonitor\/wp-json\/wp\/v2\/media?parent=82353"}],"wp:term":[{"taxonomy":"category","embeddable":true,"href":"https:\/\/jms.com.bo\/mediamonitor\/wp-json\/wp\/v2\/categories?post=82353"},{"taxonomy":"post_tag","embeddable":true,"href":"https:\/\/jms.com.bo\/mediamonitor\/wp-json\/wp\/v2\/tags?post=82353"}],"curies":[{"name":"wp","href":"https:\/\/api.w.org\/{rel}","templated":true}]}}