{"id":82357,"date":"2025-11-28T07:38:22","date_gmt":"2025-11-28T11:38:22","guid":{"rendered":"https:\/\/jms.com.bo\/mediamonitor\/2025\/11\/28\/medinaceli-posesiona-a-luis-eduardo-osorio-como-nuevo-viceministro-de-energias-alternativas\/"},"modified":"2025-11-28T07:38:22","modified_gmt":"2025-11-28T11:38:22","slug":"medinaceli-posesiona-a-luis-eduardo-osorio-como-nuevo-viceministro-de-energias-alternativas","status":"publish","type":"post","link":"https:\/\/jms.com.bo\/mediamonitor\/2025\/11\/28\/medinaceli-posesiona-a-luis-eduardo-osorio-como-nuevo-viceministro-de-energias-alternativas\/","title":{"rendered":"Medinaceli posesiona a Luis Eduardo Osorio como nuevo viceministro de Energ\u00edas Alternativas"},"content":{"rendered":"<p style=\"text-align: justify;\">El ministro de Hidrocarburos, Mauricio Medinaceli, posesion\u00f3 la tarde de este jueves a Luis Eduardo Osorio Calder\u00f3n como nuevo viceministro de Energ\u00edas Alternativas, quien asumi\u00f3 el cargo con el compromiso de impulsar la diversificaci\u00f3n de la matriz energ\u00e9tica y contribuir a la reducci\u00f3n de la importaci\u00f3n de combustibles l\u00edquidos.<\/p>\n<p style=\"text-align: justify;\">Durante su juramento, Osorio destac\u00f3 la necesidad de que Bolivia avance hacia modelos m\u00e1s limpios y sostenibles, en sinton\u00eda con las tendencias globales. \u201cEstamos en un momento clave, donde debemos aprovechar los recursos naturales que tenemos y generamos para impulsar nuestras oportunidades de inversi\u00f3n y ser un jugador clave en la regi\u00f3n\u201d, afirm\u00f3.<\/p>\n<p style=\"text-align: justify;\">Por su parte, el ministro Medinaceli se\u00f1al\u00f3 que, aunque el desaf\u00edo es complejo, el Gobierno trabaja en planes y modificaciones normativas previstas para el pr\u00f3ximo a\u00f1o, orientadas a fortalecer la transici\u00f3n energ\u00e9tica y ampliar las alternativas de generaci\u00f3n.<\/p>\n<p style=\"text-align: justify;\">La designaci\u00f3n de Osorio forma parte del reacomodo institucional en el Ministerio de Hidrocarburos. En el mismo acto fueron posesionados Alex Fernando Veizaga P\u00e9rez, viceministro de Planificaci\u00f3n y Desarrollo Energ\u00e9tico, Marcelo Blanco Quintanilla, viceministro de Electricidad y Energ\u00edas Renovables Y Caleb Montes Velarde, viceministro de Exploraci\u00f3n y Explotaci\u00f3n de Recursos Energ\u00e9ticos.<\/p>\n<p style=\"text-align: justify;\">Con esta renovaci\u00f3n, la cartera de Hidrocarburos busca consolidar un equipo t\u00e9cnico que acompa\u00f1e las pol\u00edticas de transici\u00f3n, eficiencia e innovaci\u00f3n en el sector energ\u00e9tico.<\/p>\n","protected":false},"excerpt":{"rendered":"<p>El ministro de Hidrocarburos, Mauricio Medinaceli, posesion\u00f3 la tarde de este jueves a Luis Eduardo Osorio Calder\u00f3n como nuevo viceministro de Energ\u00edas Alternativas, quien asumi\u00f3 el cargo con el compromiso de impulsar la diversificaci\u00f3n de la matriz energ\u00e9tica y contribuir a la reducci\u00f3n de la importaci\u00f3n de combustibles l\u00edquidos. Durante su juramento, Osorio destac\u00f3 la [&hellip;]<\/p>\n","protected":false},"author":2,"featured_media":82358,"comment_status":"closed","ping_status":"open","sticky":false,"template":"","format":"standard","meta":{"footnotes":""},"categories":[1],"tags":[],"class_list":{"0":"post-82357","1":"post","2":"type-post","3":"status-publish","4":"format-standard","5":"has-post-thumbnail","7":"category-uncategorized"},"_links":{"self":[{"href":"https:\/\/jms.com.bo\/mediamonitor\/wp-json\/wp\/v2\/posts\/82357","targetHints":{"allow":["GET"]}}],"collection":[{"href":"https:\/\/jms.com.bo\/mediamonitor\/wp-json\/wp\/v2\/posts"}],"about":[{"href":"https:\/\/jms.com.bo\/mediamonitor\/wp-json\/wp\/v2\/types\/post"}],"author":[{"embeddable":true,"href":"https:\/\/jms.com.bo\/mediamonitor\/wp-json\/wp\/v2\/users\/2"}],"replies":[{"embeddable":true,"href":"https:\/\/jms.com.bo\/mediamonitor\/wp-json\/wp\/v2\/comments?post=82357"}],"version-history":[{"count":0,"href":"https:\/\/jms.com.bo\/mediamonitor\/wp-json\/wp\/v2\/posts\/82357\/revisions"}],"wp:featuredmedia":[{"embeddable":true,"href":"https:\/\/jms.com.bo\/mediamonitor\/wp-json\/wp\/v2\/media\/82358"}],"wp:attachment":[{"href":"https:\/\/jms.com.bo\/mediamonitor\/wp-json\/wp\/v2\/media?parent=82357"}],"wp:term":[{"taxonomy":"category","embeddable":true,"href":"https:\/\/jms.com.bo\/mediamonitor\/wp-json\/wp\/v2\/categories?post=82357"},{"taxonomy":"post_tag","embeddable":true,"href":"https:\/\/jms.com.bo\/mediamonitor\/wp-json\/wp\/v2\/tags?post=82357"}],"curies":[{"name":"wp","href":"https:\/\/api.w.org\/{rel}","templated":true}]}}