{"id":82361,"date":"2025-11-28T07:41:56","date_gmt":"2025-11-28T11:41:56","guid":{"rendered":"https:\/\/jms.com.bo\/mediamonitor\/2025\/11\/28\/gobierno-trabaja-en-la-metodologia-para-nuevos-precios-de-combustibles\/"},"modified":"2025-11-28T07:41:56","modified_gmt":"2025-11-28T11:41:56","slug":"gobierno-trabaja-en-la-metodologia-para-nuevos-precios-de-combustibles","status":"publish","type":"post","link":"https:\/\/jms.com.bo\/mediamonitor\/2025\/11\/28\/gobierno-trabaja-en-la-metodologia-para-nuevos-precios-de-combustibles\/","title":{"rendered":"Gobierno trabaja en la metodolog\u00eda para nuevos precios de combustibles"},"content":{"rendered":"<p style=\"text-align: justify;\">En casi 20 d\u00edas de gesti\u00f3n, el Gobierno analiza la metodolog\u00eda para ajustar los precios de los combustibles subvencionados, los cuales representan un gasto de hasta el 8% del Producto Interno Bruto (PIB), seg\u00fan el ministro de Hidrocarburos, Mauricio Medinacelli.<\/p>\n<p style=\"text-align: justify;\">La autoridad considera que ajustar los precios de gasolina y di\u00e9sel, que se comercializan desde hace 20 a\u00f1os por debajo de los Bs 4 el litro, debe realizarse con responsabilidad, para evitar errores del pasado.<\/p>\n<p style=\"text-align: justify;\">\u201cEstamos trabajando en la metodolog\u00eda para la estabilizaci\u00f3n de precios. Se lo tiene que tomar con mucha responsabilidad, porque no es un tema sencillo, se lo vio en el a\u00f1o 2010 que esto es un tema de alta sensibilidad para la poblaci\u00f3n\u201d, indic\u00f3 este jueves en conferencia de prensa.<\/p>\n<p style=\"text-align: justify;\">Combustibles<br \/>\nEn diciembre de 2010, el gobierno de Evo Morales anunci\u00f3 un incremento considerable en los precios de di\u00e9sel y gasolina, lo que gener\u00f3 bloqueos por parte de transportistas y el rechazo de sectores como la Central Obrera Boliviana (COB).<\/p>\n<p style=\"text-align: justify;\">Por ello, Medinacelli explic\u00f3 que la medida no puede anunciarse de golpe y justamente por este motivo la actual administraci\u00f3n se est\u00e1 tomando su tiempo. Adem\u00e1s, el Gobierno se encuentra enfrentando otras deudas, lo que complica m\u00e1s la evaluaci\u00f3n de la subvenci\u00f3n.<\/p>\n<p style=\"text-align: justify;\">\u201cRecibimos el Gobierno en una situaci\u00f3n muy compleja, con muchas deudas, y estamos trabajando 14, 15 horas al d\u00eda, pero no es sencillo porque no queremos hacer las cosas r\u00e1pidamente\u201d, explic\u00f3 el ministro.<\/p>\n<p style=\"text-align: justify;\">La autoridad adelant\u00f3 que el programa se dar\u00e1 a conocer pronto y se trabajar\u00e1 para que beneficie a las personas que realmente requieren del combustible para sus actividades laborales cotidianas.<\/p>\n<p style=\"text-align: justify;\">\u201cTenemos que preparar un programa bueno, sostenible y que ayude a las personas que utilizan esta energ\u00eda. Pronto se avisar\u00e1 cu\u00e1l es este programa\u201d, sostuvo.<\/p>\n<p style=\"text-align: justify;\">Sobre la denominada Comisi\u00f3n de la Verdad de Hidrocarburos, Medinacelli dijo que es el presidente Rodrigo Paz Pereira quien debe dar los informes correspondientes, pero asegur\u00f3 el apoyo de esta cartera de Estado.<\/p>\n<p style=\"text-align: justify;\">\u201cEl Presidente ya anunci\u00f3 esta comisi\u00f3n, entonces puedo decir que tiene todo nuestro apoyo. Desde el ministerio trabajaremos en esta Comisi\u00f3n de la Verdad, yo sugiri\u00f3 que \u00e9l sea la persona que pueda explicarles cu\u00e1l es la situaci\u00f3n, pero reiterar que tiene todo nuestro apoyo\u201d, remarc\u00f3.<\/p>\n<p style=\"text-align: justify;\">Seg\u00fan Paz Pereira, durante la gesti\u00f3n del Movimiento Al Socialismo (MAS) exist\u00eda una red de corrupci\u00f3n dentro del sector hidrocarbur\u00edfero que lucr\u00f3 con el negocio del gas y los combustibles subvencionados en desmedro de toda la poblaci\u00f3n, por lo que busca dar con los responsables.<\/p>\n","protected":false},"excerpt":{"rendered":"<p>En casi 20 d\u00edas de gesti\u00f3n, el Gobierno analiza la metodolog\u00eda para ajustar los precios de los combustibles subvencionados, los cuales representan un gasto de hasta el 8% del Producto Interno Bruto (PIB), seg\u00fan el ministro de Hidrocarburos, Mauricio Medinacelli. La autoridad considera que ajustar los precios de gasolina y di\u00e9sel, que se comercializan desde [&hellip;]<\/p>\n","protected":false},"author":2,"featured_media":79726,"comment_status":"closed","ping_status":"open","sticky":false,"template":"","format":"standard","meta":{"footnotes":""},"categories":[48,43],"tags":[],"class_list":{"0":"post-82361","1":"post","2":"type-post","3":"status-publish","4":"format-standard","5":"has-post-thumbnail","7":"category-portada-general-sitio","8":"category-portada-oil-gas"},"_links":{"self":[{"href":"https:\/\/jms.com.bo\/mediamonitor\/wp-json\/wp\/v2\/posts\/82361","targetHints":{"allow":["GET"]}}],"collection":[{"href":"https:\/\/jms.com.bo\/mediamonitor\/wp-json\/wp\/v2\/posts"}],"about":[{"href":"https:\/\/jms.com.bo\/mediamonitor\/wp-json\/wp\/v2\/types\/post"}],"author":[{"embeddable":true,"href":"https:\/\/jms.com.bo\/mediamonitor\/wp-json\/wp\/v2\/users\/2"}],"replies":[{"embeddable":true,"href":"https:\/\/jms.com.bo\/mediamonitor\/wp-json\/wp\/v2\/comments?post=82361"}],"version-history":[{"count":0,"href":"https:\/\/jms.com.bo\/mediamonitor\/wp-json\/wp\/v2\/posts\/82361\/revisions"}],"wp:featuredmedia":[{"embeddable":true,"href":"https:\/\/jms.com.bo\/mediamonitor\/wp-json\/wp\/v2\/media\/79726"}],"wp:attachment":[{"href":"https:\/\/jms.com.bo\/mediamonitor\/wp-json\/wp\/v2\/media?parent=82361"}],"wp:term":[{"taxonomy":"category","embeddable":true,"href":"https:\/\/jms.com.bo\/mediamonitor\/wp-json\/wp\/v2\/categories?post=82361"},{"taxonomy":"post_tag","embeddable":true,"href":"https:\/\/jms.com.bo\/mediamonitor\/wp-json\/wp\/v2\/tags?post=82361"}],"curies":[{"name":"wp","href":"https:\/\/api.w.org\/{rel}","templated":true}]}}