{"id":82363,"date":"2025-12-01T06:57:49","date_gmt":"2025-12-01T10:57:49","guid":{"rendered":"https:\/\/jms.com.bo\/mediamonitor\/2025\/12\/01\/planificacion-desarrollo-productivo-y-economia-ejes-del-encuentro-entre-gobierno-y-cainco\/"},"modified":"2025-12-01T06:57:49","modified_gmt":"2025-12-01T10:57:49","slug":"planificacion-desarrollo-productivo-y-economia-ejes-del-encuentro-entre-gobierno-y-cainco","status":"publish","type":"post","link":"https:\/\/jms.com.bo\/mediamonitor\/2025\/12\/01\/planificacion-desarrollo-productivo-y-economia-ejes-del-encuentro-entre-gobierno-y-cainco\/","title":{"rendered":"Planificaci\u00f3n, desarrollo productivo y econom\u00eda: ejes del encuentro entre Gobierno y Cainco"},"content":{"rendered":"<p style=\"text-align: justify;\">El gabinete econ\u00f3mico del Gobierno se reuni\u00f3 este viernes con la C\u00e1mara de Industria, Comercio, Servicios y Turismo de Santa Cruz (Cainco), donde se abordaron temas de planificaci\u00f3n, desarrollo productivo y la situaci\u00f3n econ\u00f3mica del pa\u00eds.<\/p>\n<p style=\"text-align: justify;\">\u201cEn este encuentro se convers\u00f3 en profundidad sobre temas de planificaci\u00f3n, desarrollo productivo y la situaci\u00f3n econ\u00f3mica del pa\u00eds\u201d, inform\u00f3 la Cainco a trav\u00e9s de sus redes sociales.<\/p>\n<p style=\"text-align: justify;\">El encuentro cont\u00f3 con la participaci\u00f3n de autoridades de Gobierno como Jos\u00e9 Gabriel Espinoza, ministro de Econom\u00eda y Finanzas P\u00fablicas; Fernando Romero, ministro de Planificaci\u00f3n del Desarrollo y Medio Ambiente; \u00d3scar Mario Justiniano, ministro de Desarrollo Productivo, Rural y Agua; y Yusseff Akly, presidente de YPFB.<\/p>\n<p style=\"text-align: justify;\">\u201cUn di\u00e1logo inspirador que subraya el compromiso de CAINCO con el fortalecimiento del liderazgo empresarial y la construcci\u00f3n de un futuro m\u00e1s s\u00f3lido para el pa\u00eds\u201d, agreg\u00f3 la C\u00e1mara.<\/p>\n<p style=\"text-align: justify;\">El encuentro permiti\u00f3 un intercambio de informaci\u00f3n y an\u00e1lisis de estrategias, seg\u00fan inform\u00f3 la instituci\u00f3n<\/p>\n","protected":false},"excerpt":{"rendered":"<p>El gabinete econ\u00f3mico del Gobierno se reuni\u00f3 este viernes con la C\u00e1mara de Industria, Comercio, Servicios y Turismo de Santa Cruz (Cainco), donde se abordaron temas de planificaci\u00f3n, desarrollo productivo y la situaci\u00f3n econ\u00f3mica del pa\u00eds. \u201cEn este encuentro se convers\u00f3 en profundidad sobre temas de planificaci\u00f3n, desarrollo productivo y la situaci\u00f3n econ\u00f3mica del pa\u00eds\u201d, [&hellip;]<\/p>\n","protected":false},"author":2,"featured_media":82364,"comment_status":"closed","ping_status":"open","sticky":false,"template":"","format":"standard","meta":{"footnotes":""},"categories":[57],"tags":[],"class_list":{"0":"post-82363","1":"post","2":"type-post","3":"status-publish","4":"format-standard","5":"has-post-thumbnail","7":"category-alimentos-y-agroindustria"},"_links":{"self":[{"href":"https:\/\/jms.com.bo\/mediamonitor\/wp-json\/wp\/v2\/posts\/82363","targetHints":{"allow":["GET"]}}],"collection":[{"href":"https:\/\/jms.com.bo\/mediamonitor\/wp-json\/wp\/v2\/posts"}],"about":[{"href":"https:\/\/jms.com.bo\/mediamonitor\/wp-json\/wp\/v2\/types\/post"}],"author":[{"embeddable":true,"href":"https:\/\/jms.com.bo\/mediamonitor\/wp-json\/wp\/v2\/users\/2"}],"replies":[{"embeddable":true,"href":"https:\/\/jms.com.bo\/mediamonitor\/wp-json\/wp\/v2\/comments?post=82363"}],"version-history":[{"count":0,"href":"https:\/\/jms.com.bo\/mediamonitor\/wp-json\/wp\/v2\/posts\/82363\/revisions"}],"wp:featuredmedia":[{"embeddable":true,"href":"https:\/\/jms.com.bo\/mediamonitor\/wp-json\/wp\/v2\/media\/82364"}],"wp:attachment":[{"href":"https:\/\/jms.com.bo\/mediamonitor\/wp-json\/wp\/v2\/media?parent=82363"}],"wp:term":[{"taxonomy":"category","embeddable":true,"href":"https:\/\/jms.com.bo\/mediamonitor\/wp-json\/wp\/v2\/categories?post=82363"},{"taxonomy":"post_tag","embeddable":true,"href":"https:\/\/jms.com.bo\/mediamonitor\/wp-json\/wp\/v2\/tags?post=82363"}],"curies":[{"name":"wp","href":"https:\/\/api.w.org\/{rel}","templated":true}]}}