{"id":82365,"date":"2025-12-01T06:59:01","date_gmt":"2025-12-01T10:59:01","guid":{"rendered":"https:\/\/jms.com.bo\/mediamonitor\/2025\/12\/01\/ministro-justiniano-senala-a-franklin-flores-como-responsable-del-nivel-descontrolado-de-corrupcion-en-emapa\/"},"modified":"2025-12-01T06:59:01","modified_gmt":"2025-12-01T10:59:01","slug":"ministro-justiniano-senala-a-franklin-flores-como-responsable-del-nivel-descontrolado-de-corrupcion-en-emapa","status":"publish","type":"post","link":"https:\/\/jms.com.bo\/mediamonitor\/2025\/12\/01\/ministro-justiniano-senala-a-franklin-flores-como-responsable-del-nivel-descontrolado-de-corrupcion-en-emapa\/","title":{"rendered":"Ministro Justiniano se\u00f1ala a Franklin Flores como responsable del \u201cnivel descontrolado de corrupci\u00f3n\u201d en Emapa"},"content":{"rendered":"<p style=\"text-align: justify;\">En un contexto en el que el Gobierno contempla suprimir la subvenci\u00f3n a la harina, el ministro de Desarrollo Productivo, \u00d3scar Mario Justiniano, ratific\u00f3 el hallazgo de indicios de corrupci\u00f3n en la Empresa de Apoyo a la Producci\u00f3n de Alimentos (Emapa) y apunt\u00f3 al exgerente de esta instituci\u00f3n, Franklin Flores, de ser uno de los art\u00edfices de esta situaci\u00f3n.<\/p>\n<p style=\"text-align: justify;\">\u201cEn todas las denuncias que se est\u00e1n presentando es uno de los principales art\u00edfices de haber generado todo este nivel descontrolado de corrupci\u00f3n\u201d, se\u00f1al\u00f3 la autoridad, a tiempo de agregar que la corrupci\u00f3n perme\u00f3 otras instancias relacionadas a Emapa y que Flores \u201cest\u00e1 metido en todo\u201d.<\/p>\n<p style=\"text-align: justify;\">Actualmente, el exgerente de Emapa es buscado por la Polic\u00eda despu\u00e9s de incumplir su detenci\u00f3n domiciliaria y sobre \u00e9l pesa una orden de aprehensi\u00f3n, as\u00ed como tambi\u00e9n la Fiscal\u00eda dispuso el congelamiento de sus cuentas y abrir un nuevo proceso en su contra por evasi\u00f3n.<\/p>\n<p style=\"text-align: justify;\">As\u00ed como se desconoce el paradero de Flores, tampoco se sabe d\u00f3nde se encuentra el dirigente panificador Rub\u00e9n R\u00edos, a quien la Polic\u00eda tambi\u00e9n busca aprehender, despu\u00e9s de que no se en lo encontrara en su domicilio en la ejecuci\u00f3n de un allanamiento.<\/p>\n<p style=\"text-align: justify;\">El ministro Justiniano calific\u00f3 a R\u00edos de nefasto que tom\u00f3 una organizaci\u00f3n leg\u00edtima como la Confederaci\u00f3n Nacional de Panificadores Artesanos de Bolivia (Conapabol) para extorsionar a los panificadores.<\/p>\n<p style=\"text-align: justify;\">\u201cEs un tipo nefasto, un tipo de que se agarr\u00f3 una organizaci\u00f3n leg\u00edtima, de los panificadores, con muchos honestos, para extorsionarlos a ellos y todo eso termin\u00f3 dando como resultado un tipo que vend\u00eda caro (harina) y a la vez compraba, \u00e9l mismo, barato\u201d, advirti\u00f3 la autoridad de Desarrollo Productivo.<\/p>\n<p style=\"text-align: justify;\">Justiniano se\u00f1al\u00f3 que reci\u00e9n est\u00e1 saliendo a flote la estructura del dirigente R\u00edos y advirti\u00f3 que la corrupci\u00f3n no es un problema exclusivo de la subvenci\u00f3n a la harina, sino que hubo un esquema que se repiti\u00f3 en lo relacionado al trigo y al ma\u00edz.<\/p>\n","protected":false},"excerpt":{"rendered":"<p>En un contexto en el que el Gobierno contempla suprimir la subvenci\u00f3n a la harina, el ministro de Desarrollo Productivo, \u00d3scar Mario Justiniano, ratific\u00f3 el hallazgo de indicios de corrupci\u00f3n en la Empresa de Apoyo a la Producci\u00f3n de Alimentos (Emapa) y apunt\u00f3 al exgerente de esta instituci\u00f3n, Franklin Flores, de ser uno de los [&hellip;]<\/p>\n","protected":false},"author":2,"featured_media":82366,"comment_status":"closed","ping_status":"open","sticky":false,"template":"","format":"standard","meta":{"footnotes":""},"categories":[57],"tags":[],"class_list":{"0":"post-82365","1":"post","2":"type-post","3":"status-publish","4":"format-standard","5":"has-post-thumbnail","7":"category-alimentos-y-agroindustria"},"_links":{"self":[{"href":"https:\/\/jms.com.bo\/mediamonitor\/wp-json\/wp\/v2\/posts\/82365","targetHints":{"allow":["GET"]}}],"collection":[{"href":"https:\/\/jms.com.bo\/mediamonitor\/wp-json\/wp\/v2\/posts"}],"about":[{"href":"https:\/\/jms.com.bo\/mediamonitor\/wp-json\/wp\/v2\/types\/post"}],"author":[{"embeddable":true,"href":"https:\/\/jms.com.bo\/mediamonitor\/wp-json\/wp\/v2\/users\/2"}],"replies":[{"embeddable":true,"href":"https:\/\/jms.com.bo\/mediamonitor\/wp-json\/wp\/v2\/comments?post=82365"}],"version-history":[{"count":0,"href":"https:\/\/jms.com.bo\/mediamonitor\/wp-json\/wp\/v2\/posts\/82365\/revisions"}],"wp:featuredmedia":[{"embeddable":true,"href":"https:\/\/jms.com.bo\/mediamonitor\/wp-json\/wp\/v2\/media\/82366"}],"wp:attachment":[{"href":"https:\/\/jms.com.bo\/mediamonitor\/wp-json\/wp\/v2\/media?parent=82365"}],"wp:term":[{"taxonomy":"category","embeddable":true,"href":"https:\/\/jms.com.bo\/mediamonitor\/wp-json\/wp\/v2\/categories?post=82365"},{"taxonomy":"post_tag","embeddable":true,"href":"https:\/\/jms.com.bo\/mediamonitor\/wp-json\/wp\/v2\/tags?post=82365"}],"curies":[{"name":"wp","href":"https:\/\/api.w.org\/{rel}","templated":true}]}}