{"id":82368,"date":"2025-12-01T07:01:57","date_gmt":"2025-12-01T11:01:57","guid":{"rendered":"https:\/\/jms.com.bo\/mediamonitor\/2025\/12\/01\/jhonny-fernandez-arremete-contra-nuevos-paros-en-salud\/"},"modified":"2025-12-01T07:01:57","modified_gmt":"2025-12-01T11:01:57","slug":"jhonny-fernandez-arremete-contra-nuevos-paros-en-salud","status":"publish","type":"post","link":"https:\/\/jms.com.bo\/mediamonitor\/2025\/12\/01\/jhonny-fernandez-arremete-contra-nuevos-paros-en-salud\/","title":{"rendered":"Jhonny Fern\u00e1ndez arremete contra nuevos paros en salud"},"content":{"rendered":"<p style=\"text-align: justify;\">El alcalde de Santa Cruz de la Sierra, Jhonny Fern\u00e1ndez, cuestion\u00f3 con dureza los anuncios de paro adelantados por el sector salud y advirti\u00f3 que estas medidas reducen en un 30% los d\u00edas de atenci\u00f3n en los centros municipales.<\/p>\n<p style=\"text-align: justify;\">Fern\u00e1ndez se\u00f1al\u00f3 que cada a\u00f1o se repite el mismo conflicto y afirm\u00f3 que la Alcald\u00eda no tiene deudas salariales con el personal.<\/p>\n<p style=\"text-align: justify;\">\u201cNo le debemos sueldo a nadie. Siempre se les ha pagado. Se atrasa un poco, pero se les paga\u201d, dijo durante una conferencia de prensa, intentando responder a uno de los argumentos expuestos por el sector para justificar la protesta.<\/p>\n<p style=\"text-align: justify;\">El burgomaestre admiti\u00f3 que a\u00fan est\u00e1 pendiente el pago del retroactivo reclamado por los trabajadores sanitarios, aunque precis\u00f3 que este tr\u00e1mite ya fue derivado al Concejo Municipal. Explic\u00f3 que la aprobaci\u00f3n se concret\u00f3 esta semana y que ahora el proceso debe continuar en los ministerios de Salud y Econom\u00eda.<\/p>\n<p style=\"text-align: justify;\">\u201cNo est\u00e1 en manos del alcalde\u201d, se\u00f1al\u00f3, al recalcar que el ejecutivo municipal cumpli\u00f3 con los pasos administrativos necesarios.<\/p>\n<p style=\"text-align: justify;\">El alcalde pidi\u00f3 al sector reflexionar y mantener el respeto hacia los pacientes, esperando que las amenazas de paro no se hagan efectivas. A la vez, comparti\u00f3 algunos datos sobre el esfuerzo econ\u00f3mico que demanda el sistema municipal de salud.<\/p>\n<p style=\"text-align: justify;\">Seg\u00fan indic\u00f3, la inversi\u00f3n anual alcanza los Bs 1.000 millones y m\u00e1s de 6.000 contratos dependen directamente de la Alcald\u00eda.<\/p>\n<p style=\"text-align: justify;\">En cuanto a labores de prevenci\u00f3n, Fern\u00e1ndez inform\u00f3 que el pr\u00f3ximo mes se desplegar\u00e1n brigadas m\u00f3viles para la destrucci\u00f3n de criaderos de mosquitos.<\/p>\n<p style=\"text-align: justify;\">Aprovechando el descanso pedag\u00f3gico, tambi\u00e9n se iniciar\u00e1n trabajos de preparaci\u00f3n y mantenimiento en las unidades educativas.<\/p>\n<p style=\"text-align: justify;\">Respecto a las quejas por el estado de las \u00e1reas verdes y los canales, a\u00f1adi\u00f3 que una nueva empresa ya comenz\u00f3 a operar y que se prev\u00e9 normalizar los servicios durante diciembre.<\/p>\n","protected":false},"excerpt":{"rendered":"<p>El alcalde de Santa Cruz de la Sierra, Jhonny Fern\u00e1ndez, cuestion\u00f3 con dureza los anuncios de paro adelantados por el sector salud y advirti\u00f3 que estas medidas reducen en un 30% los d\u00edas de atenci\u00f3n en los centros municipales. Fern\u00e1ndez se\u00f1al\u00f3 que cada a\u00f1o se repite el mismo conflicto y afirm\u00f3 que la Alcald\u00eda no [&hellip;]<\/p>\n","protected":false},"author":2,"featured_media":82369,"comment_status":"closed","ping_status":"open","sticky":false,"template":"","format":"standard","meta":{"footnotes":""},"categories":[49],"tags":[],"class_list":{"0":"post-82368","1":"post","2":"type-post","3":"status-publish","4":"format-standard","5":"has-post-thumbnail","7":"category-social"},"_links":{"self":[{"href":"https:\/\/jms.com.bo\/mediamonitor\/wp-json\/wp\/v2\/posts\/82368","targetHints":{"allow":["GET"]}}],"collection":[{"href":"https:\/\/jms.com.bo\/mediamonitor\/wp-json\/wp\/v2\/posts"}],"about":[{"href":"https:\/\/jms.com.bo\/mediamonitor\/wp-json\/wp\/v2\/types\/post"}],"author":[{"embeddable":true,"href":"https:\/\/jms.com.bo\/mediamonitor\/wp-json\/wp\/v2\/users\/2"}],"replies":[{"embeddable":true,"href":"https:\/\/jms.com.bo\/mediamonitor\/wp-json\/wp\/v2\/comments?post=82368"}],"version-history":[{"count":0,"href":"https:\/\/jms.com.bo\/mediamonitor\/wp-json\/wp\/v2\/posts\/82368\/revisions"}],"wp:featuredmedia":[{"embeddable":true,"href":"https:\/\/jms.com.bo\/mediamonitor\/wp-json\/wp\/v2\/media\/82369"}],"wp:attachment":[{"href":"https:\/\/jms.com.bo\/mediamonitor\/wp-json\/wp\/v2\/media?parent=82368"}],"wp:term":[{"taxonomy":"category","embeddable":true,"href":"https:\/\/jms.com.bo\/mediamonitor\/wp-json\/wp\/v2\/categories?post=82368"},{"taxonomy":"post_tag","embeddable":true,"href":"https:\/\/jms.com.bo\/mediamonitor\/wp-json\/wp\/v2\/tags?post=82368"}],"curies":[{"name":"wp","href":"https:\/\/api.w.org\/{rel}","templated":true}]}}