{"id":82371,"date":"2025-12-01T07:05:16","date_gmt":"2025-12-01T11:05:16","guid":{"rendered":"https:\/\/jms.com.bo\/mediamonitor\/2025\/12\/01\/ni-precio-ni-peso-no-se-mueven-gobierno-ratifica-a-50-centavos-y-60-gramos-el-pan\/"},"modified":"2025-12-01T07:05:16","modified_gmt":"2025-12-01T11:05:16","slug":"ni-precio-ni-peso-no-se-mueven-gobierno-ratifica-a-50-centavos-y-60-gramos-el-pan","status":"publish","type":"post","link":"https:\/\/jms.com.bo\/mediamonitor\/2025\/12\/01\/ni-precio-ni-peso-no-se-mueven-gobierno-ratifica-a-50-centavos-y-60-gramos-el-pan\/","title":{"rendered":"\u201cNi precio ni peso no se mueven\u201d: Gobierno ratifica a 50 centavos y 60 gramos el pan"},"content":{"rendered":"<p style=\"text-align: justify;\">\u201cNi precio ni peso no se mueven\u201d. As\u00ed el Gobierno, mediante el viceministro de Comercio, Gustavo Serrano, anunci\u00f3 que el pan se debe mantener el pan a 50 centavos, pese a que los panificadores federados ya han decidido subir a 80 centavos ante la falta de entrega de harina subvencionada.<\/p>\n<p style=\"text-align: justify;\">El anuncio fue realizado en una conferencia de prensa junto la vocera municipal de El Alto y el Alcalde de La Paz.<\/p>\n<p style=\"text-align: justify;\">\u201cNo se mueven precio ni peso del pan de batalla de nuestro pa\u00eds. Y el gobierno nacional est\u00e1 haciendo todos los esfuerzos para apoyar a los verdaderos panaderos, para mantener ese precio\u201d, recalc\u00f3 Serrano.<\/p>\n<p style=\"text-align: justify;\">Se\u00f1al\u00f3 que, entonces, el precio es hasta 50 centavos y el peso desde 60 gramos.<\/p>\n<p style=\"text-align: justify;\">Los panificadores manifestaron que ya no quieren la subvenci\u00f3n y que deben ajustar el precio seg\u00fan niveles de mercado, debido al costo de los insumos. Esto despu\u00e9s de que no recibieron la harina subvencionada, seg\u00fan afirman, por tres meses.<\/p>\n<p style=\"text-align: justify;\">El Viceministro sostuvo que nunca estuvo en duda el apoyo a los panificadores, pero se excluir\u00e1 a \u201cclanes\u201d que se beneficiaron con este tema.<\/p>\n<p style=\"text-align: justify;\">Para abordar este tema, se convoc\u00f3 a una reuni\u00f3n con los panaderos para las seis de la tarde de este jueves. Entre tanto, en varios sectores de la ciudad de La Paz ya se vende el pan a 80 centavos.<\/p>\n<p style=\"text-align: justify;\">La vocera de El Alto, Beatriz Zegarrundo, pidi\u00f3 a los panificadores que se pongan la mano al pecho y anunci\u00f3 controles en el municipio. Adem\u00e1s, solicit\u00f3 a la poblaci\u00f3n mandar sus denuncias respectivas.<\/p>\n<p style=\"text-align: justify;\">El alcalde Iv\u00e1n Arias, a su turno, destac\u00f3 el compromiso del Gobierno de impedir que suba el precio del pan y anunci\u00f3 el respaldo del municipio pace\u00f1o.<\/p>\n","protected":false},"excerpt":{"rendered":"<p>\u201cNi precio ni peso no se mueven\u201d. As\u00ed el Gobierno, mediante el viceministro de Comercio, Gustavo Serrano, anunci\u00f3 que el pan se debe mantener el pan a 50 centavos, pese a que los panificadores federados ya han decidido subir a 80 centavos ante la falta de entrega de harina subvencionada. El anuncio fue realizado en [&hellip;]<\/p>\n","protected":false},"author":2,"featured_media":82372,"comment_status":"closed","ping_status":"open","sticky":false,"template":"","format":"standard","meta":{"footnotes":""},"categories":[49],"tags":[],"class_list":{"0":"post-82371","1":"post","2":"type-post","3":"status-publish","4":"format-standard","5":"has-post-thumbnail","7":"category-social"},"_links":{"self":[{"href":"https:\/\/jms.com.bo\/mediamonitor\/wp-json\/wp\/v2\/posts\/82371","targetHints":{"allow":["GET"]}}],"collection":[{"href":"https:\/\/jms.com.bo\/mediamonitor\/wp-json\/wp\/v2\/posts"}],"about":[{"href":"https:\/\/jms.com.bo\/mediamonitor\/wp-json\/wp\/v2\/types\/post"}],"author":[{"embeddable":true,"href":"https:\/\/jms.com.bo\/mediamonitor\/wp-json\/wp\/v2\/users\/2"}],"replies":[{"embeddable":true,"href":"https:\/\/jms.com.bo\/mediamonitor\/wp-json\/wp\/v2\/comments?post=82371"}],"version-history":[{"count":0,"href":"https:\/\/jms.com.bo\/mediamonitor\/wp-json\/wp\/v2\/posts\/82371\/revisions"}],"wp:featuredmedia":[{"embeddable":true,"href":"https:\/\/jms.com.bo\/mediamonitor\/wp-json\/wp\/v2\/media\/82372"}],"wp:attachment":[{"href":"https:\/\/jms.com.bo\/mediamonitor\/wp-json\/wp\/v2\/media?parent=82371"}],"wp:term":[{"taxonomy":"category","embeddable":true,"href":"https:\/\/jms.com.bo\/mediamonitor\/wp-json\/wp\/v2\/categories?post=82371"},{"taxonomy":"post_tag","embeddable":true,"href":"https:\/\/jms.com.bo\/mediamonitor\/wp-json\/wp\/v2\/tags?post=82371"}],"curies":[{"name":"wp","href":"https:\/\/api.w.org\/{rel}","templated":true}]}}