{"id":82374,"date":"2025-12-01T07:09:29","date_gmt":"2025-12-01T11:09:29","guid":{"rendered":"https:\/\/jms.com.bo\/mediamonitor\/2025\/12\/01\/combustible-empresas-se-adjudicaran-abastecimiento-por-zonas-desde-primer-semestre-de-2026\/"},"modified":"2025-12-01T07:09:29","modified_gmt":"2025-12-01T11:09:29","slug":"combustible-empresas-se-adjudicaran-abastecimiento-por-zonas-desde-primer-semestre-de-2026","status":"publish","type":"post","link":"https:\/\/jms.com.bo\/mediamonitor\/2025\/12\/01\/combustible-empresas-se-adjudicaran-abastecimiento-por-zonas-desde-primer-semestre-de-2026\/","title":{"rendered":"Combustible: empresas se adjudicar\u00e1n abastecimiento por zonas desde primer semestre de 2026"},"content":{"rendered":"<p style=\"text-align: justify;\">El ministro de Hidrocarburos, Mauricio Medinaceli, inform\u00f3 que se proyecta que, a partir del primer semestre del pr\u00f3ximo a\u00f1o, empresas privadas se encarguen del abastecimiento de combustible por zonas en el pa\u00eds.<\/p>\n<p style=\"text-align: justify;\">\u00abEl pr\u00f3ximo a\u00f1o, el primer semestre del pr\u00f3ximo a\u00f1o, se tiene pensado, o parte del plan, traspasar el abastecimiento de gasolina y di\u00e9sel al sector privado, en una suerte de bloques geogr\u00e1ficos como pas\u00f3 el a\u00f1o 2000\u00bb, dijo Medinaceli en entrevista con El Deber.<\/p>\n<p style=\"text-align: justify;\">Explic\u00f3 que el suministro se organizar\u00e1 bajo un sistema de \u201cbloques geogr\u00e1ficos\u201d adjudicados a empresas mediante licitaciones internacionales con licencias de cinco a\u00f1os.<\/p>\n<p style=\"text-align: justify;\">\u00abLo que se hace es licitar esto de forma transparente internacional, para que las empresas se adjudiquen estos bloques y abastezcan. Por ejemplo, Santa Cruz y el norte de Potos\u00ed, una empresa, para que se logre abastecimiento en todo el pa\u00eds, y se le otorga una licencia por cinco a\u00f1os\u00bb, afirm\u00f3.<\/p>\n<p style=\"text-align: justify;\">Indic\u00f3 que de esta forma ser\u00eda el sector privado el que tenga la obligaci\u00f3n de abastecer el pa\u00eds: \u00absi no hay gasolina, no hay di\u00e9sel, en alguna parte del pa\u00eds, se le llama en ese momento a la empresa que se adjudic\u00f3 el bloque y se le dice \u00bfpor qu\u00e9?\u00bb.<\/p>\n<p style=\"text-align: justify;\">El ministro indic\u00f3 que mientras tanto el Gobierno continuar\u00e1 con los trabajos para abastecer de gasolina, di\u00e9sel, GLP y jet fuel al mercado nacional.<\/p>\n","protected":false},"excerpt":{"rendered":"<p>El ministro de Hidrocarburos, Mauricio Medinaceli, inform\u00f3 que se proyecta que, a partir del primer semestre del pr\u00f3ximo a\u00f1o, empresas privadas se encarguen del abastecimiento de combustible por zonas en el pa\u00eds. \u00abEl pr\u00f3ximo a\u00f1o, el primer semestre del pr\u00f3ximo a\u00f1o, se tiene pensado, o parte del plan, traspasar el abastecimiento de gasolina y di\u00e9sel [&hellip;]<\/p>\n","protected":false},"author":2,"featured_media":150,"comment_status":"closed","ping_status":"open","sticky":false,"template":"","format":"standard","meta":{"footnotes":""},"categories":[20,47,48],"tags":[],"class_list":{"0":"post-82374","1":"post","2":"type-post","3":"status-publish","4":"format-standard","5":"has-post-thumbnail","7":"category-actualidad","8":"category-portada-actualidad","9":"category-portada-general-sitio"},"_links":{"self":[{"href":"https:\/\/jms.com.bo\/mediamonitor\/wp-json\/wp\/v2\/posts\/82374","targetHints":{"allow":["GET"]}}],"collection":[{"href":"https:\/\/jms.com.bo\/mediamonitor\/wp-json\/wp\/v2\/posts"}],"about":[{"href":"https:\/\/jms.com.bo\/mediamonitor\/wp-json\/wp\/v2\/types\/post"}],"author":[{"embeddable":true,"href":"https:\/\/jms.com.bo\/mediamonitor\/wp-json\/wp\/v2\/users\/2"}],"replies":[{"embeddable":true,"href":"https:\/\/jms.com.bo\/mediamonitor\/wp-json\/wp\/v2\/comments?post=82374"}],"version-history":[{"count":0,"href":"https:\/\/jms.com.bo\/mediamonitor\/wp-json\/wp\/v2\/posts\/82374\/revisions"}],"wp:featuredmedia":[{"embeddable":true,"href":"https:\/\/jms.com.bo\/mediamonitor\/wp-json\/wp\/v2\/media\/150"}],"wp:attachment":[{"href":"https:\/\/jms.com.bo\/mediamonitor\/wp-json\/wp\/v2\/media?parent=82374"}],"wp:term":[{"taxonomy":"category","embeddable":true,"href":"https:\/\/jms.com.bo\/mediamonitor\/wp-json\/wp\/v2\/categories?post=82374"},{"taxonomy":"post_tag","embeddable":true,"href":"https:\/\/jms.com.bo\/mediamonitor\/wp-json\/wp\/v2\/tags?post=82374"}],"curies":[{"name":"wp","href":"https:\/\/api.w.org\/{rel}","templated":true}]}}