{"id":82375,"date":"2025-12-01T07:11:22","date_gmt":"2025-12-01T11:11:22","guid":{"rendered":"https:\/\/jms.com.bo\/mediamonitor\/2025\/12\/01\/refugiados-exentos-de-los-dos-anos-para-postular-a-las-subnacionales\/"},"modified":"2025-12-01T07:11:22","modified_gmt":"2025-12-01T11:11:22","slug":"refugiados-exentos-de-los-dos-anos-para-postular-a-las-subnacionales","status":"publish","type":"post","link":"https:\/\/jms.com.bo\/mediamonitor\/2025\/12\/01\/refugiados-exentos-de-los-dos-anos-para-postular-a-las-subnacionales\/","title":{"rendered":"Refugiados, exentos de los dos a\u00f1os para postular a las subnacionales"},"content":{"rendered":"<p style=\"text-align: justify;\">El vocal Tahuichi Tahuichi aclar\u00f3 que los candidatos refugiados pol\u00edticos en el exterior no est\u00e1n obligados a cumplir el requisito de dos a\u00f1os de residencia para postular a alcald\u00edas o gobernaciones.<\/p>\n<p style=\"text-align: justify;\">\u201cHay una sentencia constitucional que favorece sus derechos pol\u00edticos a aquellos ciudadanos bolivianos que hayan estado en condici\u00f3n de refugiado pol\u00edtico en el exterior\u201d, explic\u00f3 ayer en un contacto con los periodistas en La Paz.<\/p>\n<p style=\"text-align: justify;\">Refugiados<\/p>\n<p style=\"text-align: justify;\">Tahuichi abord\u00f3 el tema luego de una consulta espec\u00edfica sobre el regreso de varios actores pol\u00edticos que salieron del pa\u00eds \u201cpor persecuci\u00f3n pol\u00edtica\u201d. Uno de ellos, es el exalcalde de La Paz Luis Revilla, que lleg\u00f3 al pa\u00eds la noche del viernes, luego de m\u00e1s de cuatro a\u00f1os de estar fuera del pa\u00eds, seg\u00fan la exautoridad, por \u201cpersecuci\u00f3n\u201d pol\u00edtica.<\/p>\n<p style=\"text-align: justify;\">No obstante, el vocal precis\u00f3 que esta excepci\u00f3n solo aplica a quienes, efectivamente, tuvieron la condici\u00f3n de refugiados pol\u00edticos.<\/p>\n<p style=\"text-align: justify;\">Aclar\u00f3 que quienes no estuvieron bajo esa figura deben ajustarse a la normativa vigente y cumplir estrictamente la residencia m\u00ednima exigida por la Constituci\u00f3n y la Ley 1096 de R\u00e9gimen Electoral.<\/p>\n<p style=\"text-align: justify;\">Elecciones subnacionales<\/p>\n<p style=\"text-align: justify;\">\u201cSe debe vivir, para las elecciones subnacionales, dos a\u00f1os en la circunscripci\u00f3n a la cual se postula. Si uno quiere ser alcalde de un municipio, tiene que demostrar que ha vivido, residido al menos dos a\u00f1os al d\u00eda de la elecci\u00f3n en ese municipio\u201d, se\u00f1al\u00f3.<\/p>\n<p style=\"text-align: justify;\">Las subnacionales se celebrar\u00e1n el 22 de marzo de 2026. Se elegir\u00e1n 4.962 autoridades en todo el pa\u00eds, entre alcaldes, gobernadores, concejales y asamble\u00edstas departamentales.<\/p>\n<p style=\"text-align: justify;\">\n","protected":false},"excerpt":{"rendered":"<p>El vocal Tahuichi Tahuichi aclar\u00f3 que los candidatos refugiados pol\u00edticos en el exterior no est\u00e1n obligados a cumplir el requisito de dos a\u00f1os de residencia para postular a alcald\u00edas o gobernaciones. \u201cHay una sentencia constitucional que favorece sus derechos pol\u00edticos a aquellos ciudadanos bolivianos que hayan estado en condici\u00f3n de refugiado pol\u00edtico en el exterior\u201d, [&hellip;]<\/p>\n","protected":false},"author":2,"featured_media":4902,"comment_status":"closed","ping_status":"open","sticky":false,"template":"","format":"standard","meta":{"footnotes":""},"categories":[18],"tags":[],"class_list":{"0":"post-82375","1":"post","2":"type-post","3":"status-publish","4":"format-standard","5":"has-post-thumbnail","7":"category-politica"},"_links":{"self":[{"href":"https:\/\/jms.com.bo\/mediamonitor\/wp-json\/wp\/v2\/posts\/82375","targetHints":{"allow":["GET"]}}],"collection":[{"href":"https:\/\/jms.com.bo\/mediamonitor\/wp-json\/wp\/v2\/posts"}],"about":[{"href":"https:\/\/jms.com.bo\/mediamonitor\/wp-json\/wp\/v2\/types\/post"}],"author":[{"embeddable":true,"href":"https:\/\/jms.com.bo\/mediamonitor\/wp-json\/wp\/v2\/users\/2"}],"replies":[{"embeddable":true,"href":"https:\/\/jms.com.bo\/mediamonitor\/wp-json\/wp\/v2\/comments?post=82375"}],"version-history":[{"count":0,"href":"https:\/\/jms.com.bo\/mediamonitor\/wp-json\/wp\/v2\/posts\/82375\/revisions"}],"wp:featuredmedia":[{"embeddable":true,"href":"https:\/\/jms.com.bo\/mediamonitor\/wp-json\/wp\/v2\/media\/4902"}],"wp:attachment":[{"href":"https:\/\/jms.com.bo\/mediamonitor\/wp-json\/wp\/v2\/media?parent=82375"}],"wp:term":[{"taxonomy":"category","embeddable":true,"href":"https:\/\/jms.com.bo\/mediamonitor\/wp-json\/wp\/v2\/categories?post=82375"},{"taxonomy":"post_tag","embeddable":true,"href":"https:\/\/jms.com.bo\/mediamonitor\/wp-json\/wp\/v2\/tags?post=82375"}],"curies":[{"name":"wp","href":"https:\/\/api.w.org\/{rel}","templated":true}]}}