{"id":82376,"date":"2025-12-01T07:12:45","date_gmt":"2025-12-01T11:12:45","guid":{"rendered":"https:\/\/jms.com.bo\/mediamonitor\/2025\/12\/01\/proponen-federalismo-con-autonomias-aun-en-panales\/"},"modified":"2025-12-01T07:12:45","modified_gmt":"2025-12-01T11:12:45","slug":"proponen-federalismo-con-autonomias-aun-en-panales","status":"publish","type":"post","link":"https:\/\/jms.com.bo\/mediamonitor\/2025\/12\/01\/proponen-federalismo-con-autonomias-aun-en-panales\/","title":{"rendered":"Proponen federalismo con autonom\u00edas a\u00fan en pa\u00f1ales"},"content":{"rendered":"<p style=\"text-align: justify;\">El debate sobre el federalismo se volvi\u00f3 a activar; pero para el analista pol\u00edtico Franklin Pareja, la discusi\u00f3n est\u00e1 mal planteada en tiempos y prioridades. A su juicio, el federalismo es una salida de largu\u00edsimo aliento, dif\u00edcil de aplicar en la estructura institucional actual y, sobre todo, innecesaria mientras el pa\u00eds ni siquiera ha hecho funcionar el r\u00e9gimen de autonom\u00edas ya consagrado en la Constituci\u00f3n Pol\u00edtica del Estado. El problema no es el modelo auton\u00f3mico, insiste, sino un hipercentralismo que lo ha dejado en papel mojado.<br \/>\nEn entrevista con EL DIARIO, Pareja record\u00f3 que desde 2009 Bolivia se define como un Estado auton\u00f3mico; sin embargo, en la pr\u00e1ctica ha seguido operando bajo una l\u00f3gica centralista y presidencialista, donde las decisiones, especialmente las econ\u00f3micas, se toman a nivel nacional.<br \/>\nGobernadores y alcaldes son elegidos por voto popular, aunque han estado subordinados a la burocracia del poder central, al punto de que un funcionario medio del Ministerio de Econom\u00eda pod\u00eda tener m\u00e1s capacidad de decisi\u00f3n que una autoridad departamental electa. Con ese esquema, resulta absurdo hablar de \u201cfracaso\u201d de las autonom\u00edas. \u201cNo puede fracasar aquello que nunca se implement\u00f3\u201d, dijo.<br \/>\nEn este contexto, el giro hacia el federalismo aparece para ciertos sectores como la respuesta natural al desencanto regional, especialmente en Santa Cruz y Tarija.<br \/>\nPareja advirti\u00f3 que un cambio de esta magnitud exige una reforma constitucional, un nuevo pacto pol\u00edtico y una cadena de referendos departamentales que har\u00edan del proceso algo largo, complejo e incierto. Mientras tanto, Bolivia ya cuenta con un dise\u00f1o auton\u00f3mico que, de aplicarse en serio, podr\u00eda redistribuir poder y recursos sin necesidad de refundar el Estado.<br \/>\nEl polit\u00f3logo plante\u00f3 una ruta clara: ajustar el marco normativo, encarar de una vez el pacto fiscal y garantizar que toda transferencia de competencias vaya acompa\u00f1ada de recursos suficientes para que gobernaciones y municipios dejen de ser administraciones mendicantes.<br \/>\nSolo con autonom\u00edas reales. territorios con dinero, poder y capacidad de decisi\u00f3n, se podr\u00e1 evaluar con rigor si en el futuro tiene sentido dar el salto al federalismo.<br \/>\nHoy, concluye Pareja, la tarea urgente no es cambiar de modelo, sino encender por primera vez el motor auton\u00f3mico que el pa\u00eds lleva 15 a\u00f1os declarando, pero nunca ha puesto verdaderamente en marcha.<br \/>\nAl respecto del tema, El Decano de la Prensa Nacional, tambi\u00e9n entrevist\u00f3 al historiador Roberto Arze, quien al respecto del federalismo indic\u00f3 que a fines del siglo XIX nuestro pa\u00eds tuvo la denominada Guerra Federal, que surgi\u00f3 a ra\u00edz de la disputa por la sede de la capital entre Sucre y La Paz.<br \/>\nLa pol\u00e9mica del federalismo comienza en Bolivia durante la d\u00e9cada del 70 del siglo XIX con la rebeli\u00f3n de Andr\u00e9s Ib\u00e1\u00f1ez y el \u00fanico intento de poner en pr\u00e1ctica el sistema federal fue sofocada, inclusive por quienes promov\u00edan este sistema de gobierno, record\u00f3.<br \/>\nAgreg\u00f3 que la bandera federal fue movilizadora de fuerzas pol\u00edtica e inclusive sociales, los conservadores pace\u00f1os se adhirieron al movimiento liberal y se dio la guerra de 1899 como una expresi\u00f3n de una lucha entre el poder concentrado en Chuquisaca y el existente en la zona de La Paz, que era comercial, econ\u00f3mico y obviamente m\u00e1s vital. Las apariencias conducen a que esto fue verdad.<\/p>\n","protected":false},"excerpt":{"rendered":"<p>El debate sobre el federalismo se volvi\u00f3 a activar; pero para el analista pol\u00edtico Franklin Pareja, la discusi\u00f3n est\u00e1 mal planteada en tiempos y prioridades. A su juicio, el federalismo es una salida de largu\u00edsimo aliento, dif\u00edcil de aplicar en la estructura institucional actual y, sobre todo, innecesaria mientras el pa\u00eds ni siquiera ha hecho [&hellip;]<\/p>\n","protected":false},"author":2,"featured_media":82377,"comment_status":"closed","ping_status":"open","sticky":false,"template":"","format":"standard","meta":{"footnotes":""},"categories":[18],"tags":[],"class_list":{"0":"post-82376","1":"post","2":"type-post","3":"status-publish","4":"format-standard","5":"has-post-thumbnail","7":"category-politica"},"_links":{"self":[{"href":"https:\/\/jms.com.bo\/mediamonitor\/wp-json\/wp\/v2\/posts\/82376","targetHints":{"allow":["GET"]}}],"collection":[{"href":"https:\/\/jms.com.bo\/mediamonitor\/wp-json\/wp\/v2\/posts"}],"about":[{"href":"https:\/\/jms.com.bo\/mediamonitor\/wp-json\/wp\/v2\/types\/post"}],"author":[{"embeddable":true,"href":"https:\/\/jms.com.bo\/mediamonitor\/wp-json\/wp\/v2\/users\/2"}],"replies":[{"embeddable":true,"href":"https:\/\/jms.com.bo\/mediamonitor\/wp-json\/wp\/v2\/comments?post=82376"}],"version-history":[{"count":0,"href":"https:\/\/jms.com.bo\/mediamonitor\/wp-json\/wp\/v2\/posts\/82376\/revisions"}],"wp:featuredmedia":[{"embeddable":true,"href":"https:\/\/jms.com.bo\/mediamonitor\/wp-json\/wp\/v2\/media\/82377"}],"wp:attachment":[{"href":"https:\/\/jms.com.bo\/mediamonitor\/wp-json\/wp\/v2\/media?parent=82376"}],"wp:term":[{"taxonomy":"category","embeddable":true,"href":"https:\/\/jms.com.bo\/mediamonitor\/wp-json\/wp\/v2\/categories?post=82376"},{"taxonomy":"post_tag","embeddable":true,"href":"https:\/\/jms.com.bo\/mediamonitor\/wp-json\/wp\/v2\/tags?post=82376"}],"curies":[{"name":"wp","href":"https:\/\/api.w.org\/{rel}","templated":true}]}}