{"id":83094,"date":"2025-12-31T08:15:15","date_gmt":"2025-12-31T12:15:15","guid":{"rendered":"https:\/\/jms.com.bo\/mediamonitor\/?p=83094"},"modified":"2025-12-31T08:15:15","modified_gmt":"2025-12-31T12:15:15","slug":"eduardo-del-castillo-gana-accion-y-queda-en-libertad","status":"publish","type":"post","link":"https:\/\/jms.com.bo\/mediamonitor\/2025\/12\/31\/eduardo-del-castillo-gana-accion-y-queda-en-libertad\/","title":{"rendered":"Eduardo del Castillo gana acci\u00f3n y queda en libertad"},"content":{"rendered":"<p style=\"text-align: justify;\">El juez Carlos Alberto Moreira resolvi\u00f3 dejar en libertad al exministro Eduardo del Castillo.<\/p>\n<p style=\"text-align: justify;\">Desde la 18.00 horas se desarrollaba la audiencia por la acci\u00f3n de libertad interpuesta por Del Castillo, quien argument\u00f3 la violaci\u00f3n de sus derechos civiles, como de su familia.<\/p>\n<p style=\"text-align: justify;\">Es por ello que decidi\u00f3 la libertad pura y simple del exministro de Luis Arce. Adem\u00e1s, al considerar que hubo exceso en la acci\u00f3n policial ejecutada en el aeropuerto Viru Viru de Santa Cruz.<\/p>\n<p style=\"text-align: justify;\">Moreira dijo que su decisi\u00f3n judicial deber\u00e1 ser revisada por el Tribunal Constitucional en un plazo de 24 horas.<\/p>\n<p style=\"text-align: justify;\">\n","protected":false},"excerpt":{"rendered":"<p>El juez Carlos Alberto Moreira resolvi\u00f3 dejar en libertad al exministro Eduardo del Castillo. Desde la 18.00 horas se desarrollaba la audiencia por la acci\u00f3n de libertad interpuesta por Del Castillo, quien argument\u00f3 la violaci\u00f3n de sus derechos civiles, como de su familia. Es por ello que decidi\u00f3 la libertad pura y simple del exministro [&hellip;]<\/p>\n","protected":false},"author":5,"featured_media":83095,"comment_status":"open","ping_status":"open","sticky":false,"template":"","format":"standard","meta":{"footnotes":""},"categories":[18],"tags":[],"class_list":{"0":"post-83094","1":"post","2":"type-post","3":"status-publish","4":"format-standard","5":"has-post-thumbnail","7":"category-politica"},"_links":{"self":[{"href":"https:\/\/jms.com.bo\/mediamonitor\/wp-json\/wp\/v2\/posts\/83094","targetHints":{"allow":["GET"]}}],"collection":[{"href":"https:\/\/jms.com.bo\/mediamonitor\/wp-json\/wp\/v2\/posts"}],"about":[{"href":"https:\/\/jms.com.bo\/mediamonitor\/wp-json\/wp\/v2\/types\/post"}],"author":[{"embeddable":true,"href":"https:\/\/jms.com.bo\/mediamonitor\/wp-json\/wp\/v2\/users\/5"}],"replies":[{"embeddable":true,"href":"https:\/\/jms.com.bo\/mediamonitor\/wp-json\/wp\/v2\/comments?post=83094"}],"version-history":[{"count":1,"href":"https:\/\/jms.com.bo\/mediamonitor\/wp-json\/wp\/v2\/posts\/83094\/revisions"}],"predecessor-version":[{"id":83096,"href":"https:\/\/jms.com.bo\/mediamonitor\/wp-json\/wp\/v2\/posts\/83094\/revisions\/83096"}],"wp:featuredmedia":[{"embeddable":true,"href":"https:\/\/jms.com.bo\/mediamonitor\/wp-json\/wp\/v2\/media\/83095"}],"wp:attachment":[{"href":"https:\/\/jms.com.bo\/mediamonitor\/wp-json\/wp\/v2\/media?parent=83094"}],"wp:term":[{"taxonomy":"category","embeddable":true,"href":"https:\/\/jms.com.bo\/mediamonitor\/wp-json\/wp\/v2\/categories?post=83094"},{"taxonomy":"post_tag","embeddable":true,"href":"https:\/\/jms.com.bo\/mediamonitor\/wp-json\/wp\/v2\/tags?post=83094"}],"curies":[{"name":"wp","href":"https:\/\/api.w.org\/{rel}","templated":true}]}}