{"id":83097,"date":"2025-12-31T08:16:27","date_gmt":"2025-12-31T12:16:27","guid":{"rendered":"https:\/\/jms.com.bo\/mediamonitor\/?p=83097"},"modified":"2025-12-31T08:16:27","modified_gmt":"2025-12-31T12:16:27","slug":"tse-habra-debates-de-candidatos-a-alcaldias-y-a-las-gobernaciones","status":"publish","type":"post","link":"https:\/\/jms.com.bo\/mediamonitor\/2025\/12\/31\/tse-habra-debates-de-candidatos-a-alcaldias-y-a-las-gobernaciones\/","title":{"rendered":"TSE: habr\u00e1 debates de candidatos a alcald\u00edas y a las gobernaciones"},"content":{"rendered":"<p style=\"text-align: justify;\">El presidente del Tribunal Supremo Electoral (TSE), Gustavo \u00c1vila, asegur\u00f3 que las elecciones subnacionales contar\u00e1n con debates entre candidatos a gobernaciones y alcald\u00edas.<\/p>\n<p style=\"text-align: justify;\">Consider\u00f3 que dichos espacios fortalecen la democracia y promueven el voto informado, pese a que a\u00fan no existen fechas definidas.<\/p>\n<p style=\"text-align: justify;\">\u201cNo tenemos fechas establecidas; sin embargo, hay que ser claros y contundentes con un mensaje a la poblaci\u00f3n boliviana: los debates son un elemento que fortalece la democracia y el voto informado\u201d, afirm\u00f3 \u00c1vila.<\/p>\n<p style=\"text-align: justify;\">La autoridad electoral garantiz\u00f3 que estos encuentros no faltar\u00e1n durante la campa\u00f1a electoral y anunci\u00f3 que el \u00d3rgano Electoral emitir\u00e1 lineamientos espec\u00edficos para su realizaci\u00f3n. \u201cVan a tener debates a gobernadores y alcaldes. Vamos a emitir lineamientos como Tribunal Supremo Electoral\u201d, se\u00f1al\u00f3.<\/p>\n<p style=\"text-align: justify;\">\u00c1vila explic\u00f3 que la organizaci\u00f3n y desarrollo de los debates estar\u00e1 a cargo de los tribunales electorales departamentales (TED), bajo criterios institucionales y con apertura a las propuestas de la ciudadan\u00eda. \u201cSiempre escuchando la propuesta ciudadana, siempre vamos a ir a mejorar. Los debates van a profundizarse en este proceso electoral\u201d, sostuvo.<\/p>\n<p style=\"text-align: justify;\">En ese contexto, record\u00f3 que la inscripci\u00f3n de candidaturas para las elecciones subnacionales fue hist\u00f3rica, con 34.618 postulantes registrados a nivel nacional. Detall\u00f3 que los departamentos con mayor cantidad de candidatos son La Paz, Santa Cruz y Cochabamba.<\/p>\n<p style=\"text-align: justify;\">\u201cPor ejemplo, La Paz tiene alrededor de 9.000 candidatos, le sigue Santa Cruz con 5.000 y Cochabamba con 4.000\u201d, precis\u00f3, y explic\u00f3 que esta concentraci\u00f3n responde a la mayor cantidad de municipios y poblaci\u00f3n que tienen estos departamentos.<\/p>\n<p style=\"text-align: justify;\">\u00c1vila record\u00f3 que el calendario electoral contin\u00faa en marcha y que el pr\u00f3ximo 9 de enero se publicar\u00e1 la lista oficial de candidatos habilitados e inhabilitados, una vez concluida la etapa de revisi\u00f3n de requisitos.<\/p>\n<p style=\"text-align: justify;\">Esta labor es ejecutada por cada Tribunal Electoral Departamental (TED) y, de acuerdo con el calendario electoral, concluir\u00e1 el 3 de enero. Posteriormente, el 5 de enero, los TED recibir\u00e1n los informes sobre los postulantes que cumplieron con los requisitos establecidos.<\/p>\n<p style=\"text-align: justify;\">Las elecciones subnacionales est\u00e1n previstas para el 22 de marzo de 2026 y se prev\u00e9 la segunda vuelta para las gobernaciones.<\/p>\n","protected":false},"excerpt":{"rendered":"<p>El presidente del Tribunal Supremo Electoral (TSE), Gustavo \u00c1vila, asegur\u00f3 que las elecciones subnacionales contar\u00e1n con debates entre candidatos a gobernaciones y alcald\u00edas. Consider\u00f3 que dichos espacios fortalecen la democracia y promueven el voto informado, pese a que a\u00fan no existen fechas definidas. \u201cNo tenemos fechas establecidas; sin embargo, hay que ser claros y contundentes [&hellip;]<\/p>\n","protected":false},"author":5,"featured_media":83098,"comment_status":"open","ping_status":"open","sticky":false,"template":"","format":"standard","meta":{"footnotes":""},"categories":[18,48,46],"tags":[],"class_list":{"0":"post-83097","1":"post","2":"type-post","3":"status-publish","4":"format-standard","5":"has-post-thumbnail","7":"category-politica","8":"category-portada-general-sitio","9":"category-portada-politica"},"_links":{"self":[{"href":"https:\/\/jms.com.bo\/mediamonitor\/wp-json\/wp\/v2\/posts\/83097","targetHints":{"allow":["GET"]}}],"collection":[{"href":"https:\/\/jms.com.bo\/mediamonitor\/wp-json\/wp\/v2\/posts"}],"about":[{"href":"https:\/\/jms.com.bo\/mediamonitor\/wp-json\/wp\/v2\/types\/post"}],"author":[{"embeddable":true,"href":"https:\/\/jms.com.bo\/mediamonitor\/wp-json\/wp\/v2\/users\/5"}],"replies":[{"embeddable":true,"href":"https:\/\/jms.com.bo\/mediamonitor\/wp-json\/wp\/v2\/comments?post=83097"}],"version-history":[{"count":1,"href":"https:\/\/jms.com.bo\/mediamonitor\/wp-json\/wp\/v2\/posts\/83097\/revisions"}],"predecessor-version":[{"id":83099,"href":"https:\/\/jms.com.bo\/mediamonitor\/wp-json\/wp\/v2\/posts\/83097\/revisions\/83099"}],"wp:featuredmedia":[{"embeddable":true,"href":"https:\/\/jms.com.bo\/mediamonitor\/wp-json\/wp\/v2\/media\/83098"}],"wp:attachment":[{"href":"https:\/\/jms.com.bo\/mediamonitor\/wp-json\/wp\/v2\/media?parent=83097"}],"wp:term":[{"taxonomy":"category","embeddable":true,"href":"https:\/\/jms.com.bo\/mediamonitor\/wp-json\/wp\/v2\/categories?post=83097"},{"taxonomy":"post_tag","embeddable":true,"href":"https:\/\/jms.com.bo\/mediamonitor\/wp-json\/wp\/v2\/tags?post=83097"}],"curies":[{"name":"wp","href":"https:\/\/api.w.org\/{rel}","templated":true}]}}