{"id":83101,"date":"2025-12-31T08:18:23","date_gmt":"2025-12-31T12:18:23","guid":{"rendered":"https:\/\/jms.com.bo\/mediamonitor\/?p=83101"},"modified":"2025-12-31T08:18:23","modified_gmt":"2025-12-31T12:18:23","slug":"anuncian-devolucion-de-dolares-en-primer-semestre-de-2026-a-ahorristas","status":"publish","type":"post","link":"https:\/\/jms.com.bo\/mediamonitor\/2025\/12\/31\/anuncian-devolucion-de-dolares-en-primer-semestre-de-2026-a-ahorristas\/","title":{"rendered":"Anuncian devoluci\u00f3n de d\u00f3lares en primer semestre de 2026 a ahorristas"},"content":{"rendered":"<p style=\"text-align: justify;\">Tras la estabilizaci\u00f3n de la econom\u00eda con el Decreto Supremo 5503, a pesar de las protestas de dirigentes de la Central Obrera Boliviana (COB) en contra de la norma y la solicitud de abrogaci\u00f3n, el Gobierno ya fue claro en que no dar\u00e1 un paso atr\u00e1s y el ministro de Econom\u00eda y Finanzas P\u00fablicas, Gabriel Espinoza, anunci\u00f3 que en el primer semestre de 2026 los ahorristas podr\u00e1n recuperar sus recursos en divisa extranjera.<\/p>\n<p style=\"text-align: justify;\">Antes del final del primer semestre de 2026 se espera que el Gobierno devuelva los d\u00f3lares al sistema financiero para que los clientes puedan recuperar sus recursos.<br \/>\nVarios economistas coincidieron en que se aplic\u00f3 un corralito defacto, al poner l\u00edmites al retiro de d\u00f3lares, as\u00ed como a las transacciones o pagos y por ello la gente decidi\u00f3 acudir a otras maneras de cancelar sus cuentas.<\/p>\n<p style=\"text-align: justify;\">Tipo de cambio<br \/>\nPor otra parte, respecto al sinceramiento del tipo de cambio, la autoridad indic\u00f3 que no hay una fecha exacta de unificaci\u00f3n cambiaria; sin embargo, afirm\u00f3 que en el primer trimestre van a tener una tendencia clara hacia la unificaci\u00f3n.<\/p>\n<p style=\"text-align: justify;\">Semanas atr\u00e1s, el ministro Gabriel Espinoza inform\u00f3 sobre el desembolso de 350 millones de d\u00f3lares de parte de la CAF, cuyos recursos iban a fortalecer las reservas del Banco Central de Bolivia (BCB) y, de esta manera, empezar a incrementar las Reservas Internacionales Netas (RIN).<\/p>\n","protected":false},"excerpt":{"rendered":"<p>Tras la estabilizaci\u00f3n de la econom\u00eda con el Decreto Supremo 5503, a pesar de las protestas de dirigentes de la Central Obrera Boliviana (COB) en contra de la norma y la solicitud de abrogaci\u00f3n, el Gobierno ya fue claro en que no dar\u00e1 un paso atr\u00e1s y el ministro de Econom\u00eda y Finanzas P\u00fablicas, Gabriel [&hellip;]<\/p>\n","protected":false},"author":5,"featured_media":83102,"comment_status":"open","ping_status":"open","sticky":false,"template":"","format":"standard","meta":{"footnotes":""},"categories":[25],"tags":[],"class_list":{"0":"post-83101","1":"post","2":"type-post","3":"status-publish","4":"format-standard","5":"has-post-thumbnail","7":"category-economia"},"_links":{"self":[{"href":"https:\/\/jms.com.bo\/mediamonitor\/wp-json\/wp\/v2\/posts\/83101","targetHints":{"allow":["GET"]}}],"collection":[{"href":"https:\/\/jms.com.bo\/mediamonitor\/wp-json\/wp\/v2\/posts"}],"about":[{"href":"https:\/\/jms.com.bo\/mediamonitor\/wp-json\/wp\/v2\/types\/post"}],"author":[{"embeddable":true,"href":"https:\/\/jms.com.bo\/mediamonitor\/wp-json\/wp\/v2\/users\/5"}],"replies":[{"embeddable":true,"href":"https:\/\/jms.com.bo\/mediamonitor\/wp-json\/wp\/v2\/comments?post=83101"}],"version-history":[{"count":1,"href":"https:\/\/jms.com.bo\/mediamonitor\/wp-json\/wp\/v2\/posts\/83101\/revisions"}],"predecessor-version":[{"id":83103,"href":"https:\/\/jms.com.bo\/mediamonitor\/wp-json\/wp\/v2\/posts\/83101\/revisions\/83103"}],"wp:featuredmedia":[{"embeddable":true,"href":"https:\/\/jms.com.bo\/mediamonitor\/wp-json\/wp\/v2\/media\/83102"}],"wp:attachment":[{"href":"https:\/\/jms.com.bo\/mediamonitor\/wp-json\/wp\/v2\/media?parent=83101"}],"wp:term":[{"taxonomy":"category","embeddable":true,"href":"https:\/\/jms.com.bo\/mediamonitor\/wp-json\/wp\/v2\/categories?post=83101"},{"taxonomy":"post_tag","embeddable":true,"href":"https:\/\/jms.com.bo\/mediamonitor\/wp-json\/wp\/v2\/tags?post=83101"}],"curies":[{"name":"wp","href":"https:\/\/api.w.org\/{rel}","templated":true}]}}