{"id":83104,"date":"2025-12-31T08:19:24","date_gmt":"2025-12-31T12:19:24","guid":{"rendered":"https:\/\/jms.com.bo\/mediamonitor\/?p=83104"},"modified":"2025-12-31T08:19:24","modified_gmt":"2025-12-31T12:19:24","slug":"feriado-largo-de-ano-nuevo-el-sector-turistico-pronostica-un-movimiento-economico-de-60-millones","status":"publish","type":"post","link":"https:\/\/jms.com.bo\/mediamonitor\/2025\/12\/31\/feriado-largo-de-ano-nuevo-el-sector-turistico-pronostica-un-movimiento-economico-de-60-millones\/","title":{"rendered":"Feriado largo de A\u00f1o Nuevo: el sector tur\u00edstico pronostica un movimiento econ\u00f3mico de $60 millones"},"content":{"rendered":"<p style=\"text-align: justify;\">Desde el sector tur\u00edstico prev\u00e9n un movimiento superior a $us 60 millones a nivel nacional durante el feriado largo de A\u00f1o Nuevo, impulsado por el incremento de viajes internos y la extensi\u00f3n del descanso con la inclusi\u00f3n del 2 de enero.<\/p>\n<p style=\"text-align: justify;\">As\u00ed lo reflej\u00f3 el presidente de la C\u00e1mara Hotelera de Santa Cruz, Jorge Emilio Vaca, al se\u00f1alar que se apunta a un mayor dinamismo que el que se tuvo en el feriado largo de Navidad, donde se registr\u00f3 un dinamismo cercano a los $us 30 millones, resaltando que la proyecci\u00f3n contempla el impacto econ\u00f3mico generado por el mayor flujo de personas y la planificaci\u00f3n anticipada de esta fecha.<\/p>\n<p style=\"text-align: justify;\">\u201cA\u00f1o Nuevo es el feriado m\u00e1s importante y de mayor movimiento, no solo econ\u00f3mico, sino de flujo de personas\u201d, se\u00f1al\u00f3 el dirigente al ponderar la iniciativa del Gobierno nacional, considerando que se apunta a fortalecer el turismo y permitir una mayor permanencia de los visitantes en los destinos.<\/p>\n<p style=\"text-align: justify;\">El Gobierno determin\u00f3, mediante decreto, que el 2 de enero se cumpla feriado con el objetivo de fomentar el turismo, tema que implica que los trabajadores tendr\u00e1n dos d\u00edas de feriado por A\u00f1o Nuevo en jueves y viernes, adem\u00e1s del fin de semana de descanso.<\/p>\n<p style=\"text-align: justify;\">\u201cEsto va a generar un efecto much\u00edsimo m\u00e1s grande en la econom\u00eda y creo que ha sido totalmente acertado. Definitivamente, va a generar un efecto importante en hoteler\u00eda, en gastronom\u00eda, en artesan\u00eda, en transporte\u201d, remarc\u00f3 el ejecutivo.<\/p>\n<p style=\"text-align: justify;\">Por su parte, el presidente de la C\u00e1mara Gastron\u00f3mica de Santa Cruz, Carlos Caero, indic\u00f3 en el feriado largo de Navidad registraron un movimiento superior a los Bs 500.000 entre los afiliados, contemplando que la cifra se pueda duplicar.<\/p>\n<p style=\"text-align: justify;\">Caero subray\u00f3 que el feriado largo y las reservas anticipadas refuerzan las expectativas positivas para el sector, resaltando la importancia de las fechas para oxigenar la econom\u00eda sectorial.<\/p>\n","protected":false},"excerpt":{"rendered":"<p>Desde el sector tur\u00edstico prev\u00e9n un movimiento superior a $us 60 millones a nivel nacional durante el feriado largo de A\u00f1o Nuevo, impulsado por el incremento de viajes internos y la extensi\u00f3n del descanso con la inclusi\u00f3n del 2 de enero. As\u00ed lo reflej\u00f3 el presidente de la C\u00e1mara Hotelera de Santa Cruz, Jorge Emilio [&hellip;]<\/p>\n","protected":false},"author":5,"featured_media":83105,"comment_status":"open","ping_status":"open","sticky":false,"template":"","format":"standard","meta":{"footnotes":""},"categories":[25],"tags":[],"class_list":{"0":"post-83104","1":"post","2":"type-post","3":"status-publish","4":"format-standard","5":"has-post-thumbnail","7":"category-economia"},"_links":{"self":[{"href":"https:\/\/jms.com.bo\/mediamonitor\/wp-json\/wp\/v2\/posts\/83104","targetHints":{"allow":["GET"]}}],"collection":[{"href":"https:\/\/jms.com.bo\/mediamonitor\/wp-json\/wp\/v2\/posts"}],"about":[{"href":"https:\/\/jms.com.bo\/mediamonitor\/wp-json\/wp\/v2\/types\/post"}],"author":[{"embeddable":true,"href":"https:\/\/jms.com.bo\/mediamonitor\/wp-json\/wp\/v2\/users\/5"}],"replies":[{"embeddable":true,"href":"https:\/\/jms.com.bo\/mediamonitor\/wp-json\/wp\/v2\/comments?post=83104"}],"version-history":[{"count":1,"href":"https:\/\/jms.com.bo\/mediamonitor\/wp-json\/wp\/v2\/posts\/83104\/revisions"}],"predecessor-version":[{"id":83106,"href":"https:\/\/jms.com.bo\/mediamonitor\/wp-json\/wp\/v2\/posts\/83104\/revisions\/83106"}],"wp:featuredmedia":[{"embeddable":true,"href":"https:\/\/jms.com.bo\/mediamonitor\/wp-json\/wp\/v2\/media\/83105"}],"wp:attachment":[{"href":"https:\/\/jms.com.bo\/mediamonitor\/wp-json\/wp\/v2\/media?parent=83104"}],"wp:term":[{"taxonomy":"category","embeddable":true,"href":"https:\/\/jms.com.bo\/mediamonitor\/wp-json\/wp\/v2\/categories?post=83104"},{"taxonomy":"post_tag","embeddable":true,"href":"https:\/\/jms.com.bo\/mediamonitor\/wp-json\/wp\/v2\/tags?post=83104"}],"curies":[{"name":"wp","href":"https:\/\/api.w.org\/{rel}","templated":true}]}}