{"id":83114,"date":"2026-01-02T08:05:35","date_gmt":"2026-01-02T12:05:35","guid":{"rendered":"https:\/\/jms.com.bo\/mediamonitor\/?p=83114"},"modified":"2026-01-02T08:05:35","modified_gmt":"2026-01-02T12:05:35","slug":"ministra-de-salud-informa-sobre-dos-nuevos-casos-por-influenza-de-la-variante-k-en-bolivia","status":"publish","type":"post","link":"https:\/\/jms.com.bo\/mediamonitor\/2026\/01\/02\/ministra-de-salud-informa-sobre-dos-nuevos-casos-por-influenza-de-la-variante-k-en-bolivia\/","title":{"rendered":"Ministra de Salud informa sobre dos nuevos casos por influenza de la variante K en Bolivia"},"content":{"rendered":"<p style=\"text-align: justify;\">Dos nuevos casos de la influenza A H3N2, variante K, fueron reportados este mi\u00e9rcoles en el pa\u00eds, uno se encuentra en Santa Cruz y el otro en Chuquisaca, inform\u00f3 la ministra de Salud y Deportes, Marcela Flores.<\/p>\n<p style=\"text-align: justify;\">Los pacientes son ni\u00f1os menores de cinco a\u00f1os que fueron sometidos mediante pruebas laboratoriales de secuencia gen\u00f3mica. Ambos se encuentran estables y reciben tratamiento m\u00e9dico en sus domicilios.<\/p>\n<p style=\"text-align: justify;\">Con los dos nuevos casos confirmados se tienen reportados hasta el momento cuatro en total en el pa\u00eds. Los dos primeros fueron registrados en El Alto y La Paz.<\/p>\n<p style=\"text-align: justify;\">Respecto a los pacientes con influenza A H3N2 suman 76, pero no tienen relaci\u00f3n con los casos de la variante K.<\/p>\n<p style=\"text-align: justify;\">Flores recomend\u00f3 a la poblaci\u00f3n mantener las medidas de bioseguridad y si existen s\u00edntomas sospechosos, acudir a un centro de salud para recibir valoraci\u00f3n m\u00e9dica y laboratorial.<\/p>\n","protected":false},"excerpt":{"rendered":"<p>Dos nuevos casos de la influenza A H3N2, variante K, fueron reportados este mi\u00e9rcoles en el pa\u00eds, uno se encuentra en Santa Cruz y el otro en Chuquisaca, inform\u00f3 la ministra de Salud y Deportes, Marcela Flores. Los pacientes son ni\u00f1os menores de cinco a\u00f1os que fueron sometidos mediante pruebas laboratoriales de secuencia gen\u00f3mica. Ambos [&hellip;]<\/p>\n","protected":false},"author":5,"featured_media":83115,"comment_status":"open","ping_status":"open","sticky":false,"template":"","format":"standard","meta":{"footnotes":""},"categories":[53],"tags":[],"class_list":{"0":"post-83114","1":"post","2":"type-post","3":"status-publish","4":"format-standard","5":"has-post-thumbnail","7":"category-salud"},"_links":{"self":[{"href":"https:\/\/jms.com.bo\/mediamonitor\/wp-json\/wp\/v2\/posts\/83114","targetHints":{"allow":["GET"]}}],"collection":[{"href":"https:\/\/jms.com.bo\/mediamonitor\/wp-json\/wp\/v2\/posts"}],"about":[{"href":"https:\/\/jms.com.bo\/mediamonitor\/wp-json\/wp\/v2\/types\/post"}],"author":[{"embeddable":true,"href":"https:\/\/jms.com.bo\/mediamonitor\/wp-json\/wp\/v2\/users\/5"}],"replies":[{"embeddable":true,"href":"https:\/\/jms.com.bo\/mediamonitor\/wp-json\/wp\/v2\/comments?post=83114"}],"version-history":[{"count":1,"href":"https:\/\/jms.com.bo\/mediamonitor\/wp-json\/wp\/v2\/posts\/83114\/revisions"}],"predecessor-version":[{"id":83116,"href":"https:\/\/jms.com.bo\/mediamonitor\/wp-json\/wp\/v2\/posts\/83114\/revisions\/83116"}],"wp:featuredmedia":[{"embeddable":true,"href":"https:\/\/jms.com.bo\/mediamonitor\/wp-json\/wp\/v2\/media\/83115"}],"wp:attachment":[{"href":"https:\/\/jms.com.bo\/mediamonitor\/wp-json\/wp\/v2\/media?parent=83114"}],"wp:term":[{"taxonomy":"category","embeddable":true,"href":"https:\/\/jms.com.bo\/mediamonitor\/wp-json\/wp\/v2\/categories?post=83114"},{"taxonomy":"post_tag","embeddable":true,"href":"https:\/\/jms.com.bo\/mediamonitor\/wp-json\/wp\/v2\/tags?post=83114"}],"curies":[{"name":"wp","href":"https:\/\/api.w.org\/{rel}","templated":true}]}}