{"id":83128,"date":"2026-01-02T08:14:26","date_gmt":"2026-01-02T12:14:26","guid":{"rendered":"https:\/\/jms.com.bo\/mediamonitor\/?p=83128"},"modified":"2026-01-02T08:14:26","modified_gmt":"2026-01-02T12:14:26","slug":"gerente-de-emacruz-afirma-que-el-fin-de-semana-largo-afecto-el-servicio-de-recojo-de-basura","status":"publish","type":"post","link":"https:\/\/jms.com.bo\/mediamonitor\/2026\/01\/02\/gerente-de-emacruz-afirma-que-el-fin-de-semana-largo-afecto-el-servicio-de-recojo-de-basura\/","title":{"rendered":"Gerente de Emacruz afirma que el fin de semana largo afect\u00f3 el servicio de recojo de basura"},"content":{"rendered":"<p style=\"text-align: justify;\">El gerente de Emacruz, Ricardo Oviedo, inform\u00f3 que los feriados del 26 de diciembre y 2 de enero han afectado al servicio de recojo de basura y limpieza en la capital cruce\u00f1a. Es por ello, que se ha visto c\u00famulos de basuras en calles y avenidas de la ciudad.<\/p>\n<p style=\"text-align: justify;\">\u00abEn realidad, nosotros hasta el d\u00eda de Navidad ten\u00edamos limpia la ciudad. En los dos d\u00edas de feriado que nos han perjudicado, hemos hecho mantenimiento, hemos tratado de limpiar la ciudad. Hoy tambi\u00e9n, hasta ayer 31 (de diciembre), hemos tenido la ciudad completamente limpia y desde hoy jueves hacemos mantenimiento\u00bb, explic\u00f3 Oviedo, en rueda de prensa la noche de este jueves, 1 de enero.<\/p>\n<p style=\"text-align: justify;\">Seg\u00fan el titular de Emacruz, por el viernes 2 de diciembre -declarado feriado por el Gobierno-, se ha convocado a todos los operarios para que realicen el recojo de basura.\u00bb Se les paga como un d\u00eda triple, se les paga un incentivo econ\u00f3mico para que puedan venir a trabajar. Si bien no se los puede obligar, ellos van a venir a trabajar para poder cumplir con la limpieza de la ciudad\u00bb, manifest\u00f3.<\/p>\n<p style=\"text-align: justify;\">Antecedentes<br \/>\nEste jueves, el candidato a alcalde por la agrupaci\u00f3n Vos, Manuel \u00b4Mam\u00e9n\u2019 Saavedra, anunci\u00f3 que presentar\u00e1 una denuncia contra el burgomaestre Jhonny Fern\u00e1ndez y contra el gerente de la Empresa Municipal de Aseo de Santa Cruz (Emacruz), Ricardo Oviedo, por la basura acumulada que se ha visto desde hace algunos d\u00edas en calles y avenidas de Santa Cruz de la Sierra.<\/p>\n<p style=\"text-align: justify;\">\u201cLamentablemente la basura que se acumul\u00f3 en Navidad se junt\u00f3 con la de A\u00f1o Nuevo y el municipio ha sido incapaz de limpiarla. Como no lo est\u00e1n haciendo por las buenas, vamos a ver si lo hacen por las malas. Por eso es que he decidido presentar una denuncia contra Ricardo Oviedo, gerente de Emacruz, y el alcalde Jhonny Fern\u00e1ndez por incumplimiento de deberes y atentado a la salud p\u00fablica\u201d, se\u00f1al\u00f3 el exconcejal.<\/p>\n<p style=\"text-align: justify;\">El aspirante a la silla municipal realiz\u00f3 esta denuncia a trav\u00e9s de un video en el que mostr\u00f3 la basura que rebalsaba de dos contenedores, adem\u00e1s de la demanda que presentar\u00e1 en el Ministerio P\u00fablico.<\/p>\n","protected":false},"excerpt":{"rendered":"<p>El gerente de Emacruz, Ricardo Oviedo, inform\u00f3 que los feriados del 26 de diciembre y 2 de enero han afectado al servicio de recojo de basura y limpieza en la capital cruce\u00f1a. Es por ello, que se ha visto c\u00famulos de basuras en calles y avenidas de la ciudad. \u00abEn realidad, nosotros hasta el d\u00eda [&hellip;]<\/p>\n","protected":false},"author":5,"featured_media":83129,"comment_status":"open","ping_status":"open","sticky":false,"template":"","format":"standard","meta":{"footnotes":""},"categories":[49],"tags":[],"class_list":{"0":"post-83128","1":"post","2":"type-post","3":"status-publish","4":"format-standard","5":"has-post-thumbnail","7":"category-social"},"_links":{"self":[{"href":"https:\/\/jms.com.bo\/mediamonitor\/wp-json\/wp\/v2\/posts\/83128","targetHints":{"allow":["GET"]}}],"collection":[{"href":"https:\/\/jms.com.bo\/mediamonitor\/wp-json\/wp\/v2\/posts"}],"about":[{"href":"https:\/\/jms.com.bo\/mediamonitor\/wp-json\/wp\/v2\/types\/post"}],"author":[{"embeddable":true,"href":"https:\/\/jms.com.bo\/mediamonitor\/wp-json\/wp\/v2\/users\/5"}],"replies":[{"embeddable":true,"href":"https:\/\/jms.com.bo\/mediamonitor\/wp-json\/wp\/v2\/comments?post=83128"}],"version-history":[{"count":1,"href":"https:\/\/jms.com.bo\/mediamonitor\/wp-json\/wp\/v2\/posts\/83128\/revisions"}],"predecessor-version":[{"id":83130,"href":"https:\/\/jms.com.bo\/mediamonitor\/wp-json\/wp\/v2\/posts\/83128\/revisions\/83130"}],"wp:featuredmedia":[{"embeddable":true,"href":"https:\/\/jms.com.bo\/mediamonitor\/wp-json\/wp\/v2\/media\/83129"}],"wp:attachment":[{"href":"https:\/\/jms.com.bo\/mediamonitor\/wp-json\/wp\/v2\/media?parent=83128"}],"wp:term":[{"taxonomy":"category","embeddable":true,"href":"https:\/\/jms.com.bo\/mediamonitor\/wp-json\/wp\/v2\/categories?post=83128"},{"taxonomy":"post_tag","embeddable":true,"href":"https:\/\/jms.com.bo\/mediamonitor\/wp-json\/wp\/v2\/tags?post=83128"}],"curies":[{"name":"wp","href":"https:\/\/api.w.org\/{rel}","templated":true}]}}