{"id":83131,"date":"2026-01-02T08:15:24","date_gmt":"2026-01-02T12:15:24","guid":{"rendered":"https:\/\/jms.com.bo\/mediamonitor\/?p=83131"},"modified":"2026-01-02T08:15:24","modified_gmt":"2026-01-02T12:15:24","slug":"fesirmes-exige-pago-de-sueldos-para-mas-de-6-400-profesionales-de-salud","status":"publish","type":"post","link":"https:\/\/jms.com.bo\/mediamonitor\/2026\/01\/02\/fesirmes-exige-pago-de-sueldos-para-mas-de-6-400-profesionales-de-salud\/","title":{"rendered":"Fesirmes exige pago de sueldos para m\u00e1s de 6.400 profesionales de salud"},"content":{"rendered":"<p style=\"text-align: justify;\">Los profesionales de salud comenzaron el 2026 en estado de emergencia ante la falta de pago de salarios a m\u00e9dicos, enfermeras y otros funcionarios con \u00edtems y contratos municipales.<\/p>\n<p style=\"text-align: justify;\">El secretario de conflictos de la Federaci\u00f3n de Sindicatos de Ramas M\u00e9dicas de Salud (Fesirmes), Evert Pati\u00f1o, inform\u00f3 que 466 profesionales con \u00edtems municipales llevan cuatro meses sin percibir sueldos, mientras que m\u00e1s de 6.000 trabajadores y profesionales contratados acumulan al menos dos meses impagos.<\/p>\n<p style=\"text-align: justify;\">A esta situaci\u00f3n, se suma que no se han renovado los contratos de unos 200 profesionales, lo que genera incertidumbre y pone en riesgo la atenci\u00f3n en varios en establecimientos de salud, como el Japon\u00e9s, 25 de Diciembre, 18 de Marzo y Pampa de la Isla, entre otros.<\/p>\n<p style=\"text-align: justify;\">\u201cEste es el regalo que tenemos del municipio\u201d, reclam\u00f3 Pati\u00f1o, al cuestionar la falta de respuestas de las autoridades municipales.<\/p>\n<p style=\"text-align: justify;\">Por su parte, la vocera de Fesirmes, Roc\u00edo Rivero, adelant\u00f3 que, una vez concluido el feriado, el sector se reunir\u00e1 el pr\u00f3ximo lunes para asumir determinaciones ante la falta de respuesta de las autoridades.<\/p>\n<p style=\"text-align: justify;\">Los trabajadores de salud son otros que tambi\u00e9n exigen la cancelaci\u00f3n de sueldos. El sector cerr\u00f3 el 2025 con protestas callejeras, reclamando salarios y mejores condiciones para atender a los pacientes.<br \/>\nHasta el momento, las autoridades municipales no se han pronunciado sobre estas demandas.<\/p>\n","protected":false},"excerpt":{"rendered":"<p>Los profesionales de salud comenzaron el 2026 en estado de emergencia ante la falta de pago de salarios a m\u00e9dicos, enfermeras y otros funcionarios con \u00edtems y contratos municipales. El secretario de conflictos de la Federaci\u00f3n de Sindicatos de Ramas M\u00e9dicas de Salud (Fesirmes), Evert Pati\u00f1o, inform\u00f3 que 466 profesionales con \u00edtems municipales llevan cuatro [&hellip;]<\/p>\n","protected":false},"author":5,"featured_media":83132,"comment_status":"open","ping_status":"open","sticky":false,"template":"","format":"standard","meta":{"footnotes":""},"categories":[49],"tags":[],"class_list":{"0":"post-83131","1":"post","2":"type-post","3":"status-publish","4":"format-standard","5":"has-post-thumbnail","7":"category-social"},"_links":{"self":[{"href":"https:\/\/jms.com.bo\/mediamonitor\/wp-json\/wp\/v2\/posts\/83131","targetHints":{"allow":["GET"]}}],"collection":[{"href":"https:\/\/jms.com.bo\/mediamonitor\/wp-json\/wp\/v2\/posts"}],"about":[{"href":"https:\/\/jms.com.bo\/mediamonitor\/wp-json\/wp\/v2\/types\/post"}],"author":[{"embeddable":true,"href":"https:\/\/jms.com.bo\/mediamonitor\/wp-json\/wp\/v2\/users\/5"}],"replies":[{"embeddable":true,"href":"https:\/\/jms.com.bo\/mediamonitor\/wp-json\/wp\/v2\/comments?post=83131"}],"version-history":[{"count":1,"href":"https:\/\/jms.com.bo\/mediamonitor\/wp-json\/wp\/v2\/posts\/83131\/revisions"}],"predecessor-version":[{"id":83133,"href":"https:\/\/jms.com.bo\/mediamonitor\/wp-json\/wp\/v2\/posts\/83131\/revisions\/83133"}],"wp:featuredmedia":[{"embeddable":true,"href":"https:\/\/jms.com.bo\/mediamonitor\/wp-json\/wp\/v2\/media\/83132"}],"wp:attachment":[{"href":"https:\/\/jms.com.bo\/mediamonitor\/wp-json\/wp\/v2\/media?parent=83131"}],"wp:term":[{"taxonomy":"category","embeddable":true,"href":"https:\/\/jms.com.bo\/mediamonitor\/wp-json\/wp\/v2\/categories?post=83131"},{"taxonomy":"post_tag","embeddable":true,"href":"https:\/\/jms.com.bo\/mediamonitor\/wp-json\/wp\/v2\/tags?post=83131"}],"curies":[{"name":"wp","href":"https:\/\/api.w.org\/{rel}","templated":true}]}}