{"id":83134,"date":"2026-01-02T08:16:34","date_gmt":"2026-01-02T12:16:34","guid":{"rendered":"https:\/\/jms.com.bo\/mediamonitor\/?p=83134"},"modified":"2026-01-02T08:16:42","modified_gmt":"2026-01-02T12:16:42","slug":"la-cob-convoca-a-la-marcha-bolivia-no-se-vende-partira-desde-calamarca","status":"publish","type":"post","link":"https:\/\/jms.com.bo\/mediamonitor\/2026\/01\/02\/la-cob-convoca-a-la-marcha-bolivia-no-se-vende-partira-desde-calamarca\/","title":{"rendered":"La COB convoca a la marcha \u2018Bolivia No Se Vende\u2019, partir\u00e1 desde Calamarca"},"content":{"rendered":"<p style=\"text-align: justify;\">La Central Obrera Boliviana (COB) ha convocado a una marcha denominada \u201cBolivia No Se Vende\u201d, que se desarrollar\u00e1 desde el s\u00e1bado 3 de enero con concentraci\u00f3n en la localidad de Calamarca, en la carretera La Paz-Oruro.<\/p>\n<p style=\"text-align: justify;\">La convocatoria se encuentra en el instructivo 1\/2026, que emiti\u00f3 la COB, en el marco de su paro indefinido contra el Decreto Supremo 5503.<\/p>\n<p style=\"text-align: justify;\">\u201cLas organizaciones convocadas deber\u00e1n asistir con la totalidad de sus bases, garantizando una presencia disciplinada y combativa, conforme a los principios hist\u00f3ricos del Movimiento Obrero boliviano\u201d, dice el instructivo.<\/p>\n<p style=\"text-align: justify;\">La convocatoria indica que su cumplimiento es de \u201ccar\u00e1cter obligatorio\u201d, bajo advertencia de que la \u201cinobservancia ser\u00e1 evaluada en las instancias org\u00e1nicas correspondientes\u201d.<\/p>\n<p style=\"text-align: justify;\">En contacto con ERBOL, el ejecutivo de los fabriles, Mario Segundo Quispe, confirm\u00f3 la convocatoria y dijo que el objetivo es radicalizar las medidas, para que el Gobierno abrogue el Decreto.<\/p>\n<p style=\"text-align: justify;\">La COB tambi\u00e9n anunci\u00f3 que asistir\u00e1 al di\u00e1logo convocado por el Gobierno para el lunes 5 de enero.<\/p>\n<p style=\"text-align: justify;\">El dirigente fabril se\u00f1al\u00f3 que la intenci\u00f3n de la marcha ser\u00eda llegar a La Paz para el di\u00e1logo, pero aclar\u00f3 que la consigna de las federaciones es paralizar el pa\u00eds entre lunes y martes.<\/p>\n<p style=\"text-align: justify;\">Ratific\u00f3 que la posici\u00f3n de la COB es la abrogaci\u00f3n del Decreto 5503, porque lo considera peor que el 21060. Sostuvo que el gobierno es de grandes millonarios y no para los humildes.<\/p>\n","protected":false},"excerpt":{"rendered":"<p>La Central Obrera Boliviana (COB) ha convocado a una marcha denominada \u201cBolivia No Se Vende\u201d, que se desarrollar\u00e1 desde el s\u00e1bado 3 de enero con concentraci\u00f3n en la localidad de Calamarca, en la carretera La Paz-Oruro. La convocatoria se encuentra en el instructivo 1\/2026, que emiti\u00f3 la COB, en el marco de su paro indefinido [&hellip;]<\/p>\n","protected":false},"author":5,"featured_media":83135,"comment_status":"open","ping_status":"open","sticky":false,"template":"","format":"standard","meta":{"footnotes":""},"categories":[49],"tags":[],"class_list":{"0":"post-83134","1":"post","2":"type-post","3":"status-publish","4":"format-standard","5":"has-post-thumbnail","7":"category-social"},"_links":{"self":[{"href":"https:\/\/jms.com.bo\/mediamonitor\/wp-json\/wp\/v2\/posts\/83134","targetHints":{"allow":["GET"]}}],"collection":[{"href":"https:\/\/jms.com.bo\/mediamonitor\/wp-json\/wp\/v2\/posts"}],"about":[{"href":"https:\/\/jms.com.bo\/mediamonitor\/wp-json\/wp\/v2\/types\/post"}],"author":[{"embeddable":true,"href":"https:\/\/jms.com.bo\/mediamonitor\/wp-json\/wp\/v2\/users\/5"}],"replies":[{"embeddable":true,"href":"https:\/\/jms.com.bo\/mediamonitor\/wp-json\/wp\/v2\/comments?post=83134"}],"version-history":[{"count":1,"href":"https:\/\/jms.com.bo\/mediamonitor\/wp-json\/wp\/v2\/posts\/83134\/revisions"}],"predecessor-version":[{"id":83136,"href":"https:\/\/jms.com.bo\/mediamonitor\/wp-json\/wp\/v2\/posts\/83134\/revisions\/83136"}],"wp:featuredmedia":[{"embeddable":true,"href":"https:\/\/jms.com.bo\/mediamonitor\/wp-json\/wp\/v2\/media\/83135"}],"wp:attachment":[{"href":"https:\/\/jms.com.bo\/mediamonitor\/wp-json\/wp\/v2\/media?parent=83134"}],"wp:term":[{"taxonomy":"category","embeddable":true,"href":"https:\/\/jms.com.bo\/mediamonitor\/wp-json\/wp\/v2\/categories?post=83134"},{"taxonomy":"post_tag","embeddable":true,"href":"https:\/\/jms.com.bo\/mediamonitor\/wp-json\/wp\/v2\/tags?post=83134"}],"curies":[{"name":"wp","href":"https:\/\/api.w.org\/{rel}","templated":true}]}}