{"id":83137,"date":"2026-01-02T08:17:59","date_gmt":"2026-01-02T12:17:59","guid":{"rendered":"https:\/\/jms.com.bo\/mediamonitor\/?p=83137"},"modified":"2026-01-02T08:17:59","modified_gmt":"2026-01-02T12:17:59","slug":"baja-demanda-de-pasajeros-reduce-precios-de-pasajes-en-buses-por-fin-de-ano","status":"publish","type":"post","link":"https:\/\/jms.com.bo\/mediamonitor\/2026\/01\/02\/baja-demanda-de-pasajeros-reduce-precios-de-pasajes-en-buses-por-fin-de-ano\/","title":{"rendered":"Baja demanda de pasajeros reduce precios de pasajes en buses por fin de a\u00f1o"},"content":{"rendered":"<p style=\"text-align: justify;\">La demanda de pasajes interdepartamentales por fin de a\u00f1o registr\u00f3 un descenso en varias terminales del pa\u00eds, lo que provoc\u00f3 una reducci\u00f3n de precios en algunas rutas, en contraste con el comportamiento habitual de estas fechas, cuando el incremento de viajeros suele empujar las tarifas al alza.<\/p>\n<p style=\"text-align: justify;\">En la Terminal Terrestre de Cochabamba, la baja afluencia de usuarios permiti\u00f3 encontrar pasajes a precios inferiores a los habituales. Seg\u00fan reportes televisivos, los boletos hacia La Paz se ofertan desde Bs 80, a Oruro desde Bs 40 y a Santa Cruz desde Bs 150, con variaciones sujetas a la ley de oferta y demanda. Operadores de transporte se\u00f1alaron que, ante la menor cantidad de pasajeros, las empresas optaron por ajustar tarifas para evitar salidas con unidades semivac\u00edas.<\/p>\n<p style=\"text-align: justify;\">Choferes y encargados de boleter\u00edas explicaron que el movimiento comenz\u00f3 a disminuir debido a que gran parte de la poblaci\u00f3n ya se encuentra con sus familias por las fiestas. \u201cCuando hay bastante demanda los pasajes suben, pero ahora el flujo est\u00e1 bajo\u201d, indic\u00f3 un conductor, quien a\u00f1adi\u00f3 que incluso se ofrecen tarifas de Bs 60 a Bs 80 para rutas como La Paz, dependiendo del horario y el tipo de bus.<\/p>\n<p style=\"text-align: justify;\">Pese al bajo movimiento, la terminal cochabambina inform\u00f3 que atender\u00e1 con normalidad durante el feriado de A\u00f1o Nuevo, con horarios extendidos desde las 04:00 hasta la medianoche. Las casetas de venta se mantienen habilitadas luego de que los trabajos de rehabilitaci\u00f3n fueran suspendidos por el feriado largo. Adem\u00e1s, se inform\u00f3 que las restricciones de circulaci\u00f3n fueron levantadas, de acuerdo con disposiciones de la Administradora Boliviana de Carreteras (ABC).<\/p>\n<p style=\"text-align: justify;\">En la Terminal Bimodal de Santa Cruz, el panorama es similar. Representantes de empresas de transporte se\u00f1alaron que la demanda \u201cha bajado\u201d y que algunas salidas dependen estrictamente de la cantidad de pasajeros. \u201cSi no hay gente, no se despacha\u201d, explic\u00f3 un operador, precisando que algunas rutas solo mantienen horarios limitados. En destinos como Cochabamba, los pasajes se ofrecen en Bs 250 en leito y Bs 180 en cama, mientras que otros trayectos, como Trinidad, concentran sus \u00faltimas salidas en horas de la ma\u00f1ana.<\/p>\n<p style=\"text-align: justify;\">Asimismo, varias empresas optaron por cerrar temporalmente sus oficinas durante el 31 de diciembre y el 1 de enero, con previsi\u00f3n de retomar operaciones normales a partir del viernes. Esta decisi\u00f3n responde a la escasa demanda y a la reprogramaci\u00f3n de viajes para los primeros d\u00edas de enero.<\/p>\n<p style=\"text-align: justify;\">Entre tanto, la unidad de Tr\u00e1nsito desplegada en la terminal Bimodal activ\u00f3 su plan de control por fin de a\u00f1o, realizando inspecciones a las salidas de buses para verificar documentaci\u00f3n, condiciones t\u00e9cnicas de los veh\u00edculos y evitar incidentes durante los desplazamientos.<\/p>\n<p style=\"text-align: justify;\">El comportamiento del transporte terrestre en este cierre de gesti\u00f3n confirma que, a diferencia de otros a\u00f1os, el feriado de fin de a\u00f1o llega con menor presi\u00f3n de viajeros, lo que ha dado un respiro a los bolsillos de quienes a\u00fan planean movilizarse entre departamentos.<\/p>\n","protected":false},"excerpt":{"rendered":"<p>La demanda de pasajes interdepartamentales por fin de a\u00f1o registr\u00f3 un descenso en varias terminales del pa\u00eds, lo que provoc\u00f3 una reducci\u00f3n de precios en algunas rutas, en contraste con el comportamiento habitual de estas fechas, cuando el incremento de viajeros suele empujar las tarifas al alza. En la Terminal Terrestre de Cochabamba, la baja [&hellip;]<\/p>\n","protected":false},"author":5,"featured_media":83138,"comment_status":"open","ping_status":"open","sticky":false,"template":"","format":"standard","meta":{"footnotes":""},"categories":[20],"tags":[],"class_list":{"0":"post-83137","1":"post","2":"type-post","3":"status-publish","4":"format-standard","5":"has-post-thumbnail","7":"category-actualidad"},"_links":{"self":[{"href":"https:\/\/jms.com.bo\/mediamonitor\/wp-json\/wp\/v2\/posts\/83137","targetHints":{"allow":["GET"]}}],"collection":[{"href":"https:\/\/jms.com.bo\/mediamonitor\/wp-json\/wp\/v2\/posts"}],"about":[{"href":"https:\/\/jms.com.bo\/mediamonitor\/wp-json\/wp\/v2\/types\/post"}],"author":[{"embeddable":true,"href":"https:\/\/jms.com.bo\/mediamonitor\/wp-json\/wp\/v2\/users\/5"}],"replies":[{"embeddable":true,"href":"https:\/\/jms.com.bo\/mediamonitor\/wp-json\/wp\/v2\/comments?post=83137"}],"version-history":[{"count":1,"href":"https:\/\/jms.com.bo\/mediamonitor\/wp-json\/wp\/v2\/posts\/83137\/revisions"}],"predecessor-version":[{"id":83139,"href":"https:\/\/jms.com.bo\/mediamonitor\/wp-json\/wp\/v2\/posts\/83137\/revisions\/83139"}],"wp:featuredmedia":[{"embeddable":true,"href":"https:\/\/jms.com.bo\/mediamonitor\/wp-json\/wp\/v2\/media\/83138"}],"wp:attachment":[{"href":"https:\/\/jms.com.bo\/mediamonitor\/wp-json\/wp\/v2\/media?parent=83137"}],"wp:term":[{"taxonomy":"category","embeddable":true,"href":"https:\/\/jms.com.bo\/mediamonitor\/wp-json\/wp\/v2\/categories?post=83137"},{"taxonomy":"post_tag","embeddable":true,"href":"https:\/\/jms.com.bo\/mediamonitor\/wp-json\/wp\/v2\/tags?post=83137"}],"curies":[{"name":"wp","href":"https:\/\/api.w.org\/{rel}","templated":true}]}}