{"id":83143,"date":"2026-01-02T08:20:50","date_gmt":"2026-01-02T12:20:50","guid":{"rendered":"https:\/\/jms.com.bo\/mediamonitor\/?p=83143"},"modified":"2026-01-02T08:21:10","modified_gmt":"2026-01-02T12:21:10","slug":"aramayo-cuestiona-a-dirigentes-mineros-ganan-como-siete-ministros-y-piden-derogar-el-decreto","status":"publish","type":"post","link":"https:\/\/jms.com.bo\/mediamonitor\/2026\/01\/02\/aramayo-cuestiona-a-dirigentes-mineros-ganan-como-siete-ministros-y-piden-derogar-el-decreto\/","title":{"rendered":"Aramayo cuestiona a dirigentes mineros: \u201cGanan como siete ministros y piden derogar el decreto\u201d"},"content":{"rendered":"<p style=\"text-align: justify;\">El ministro de Relaciones Exteriores, Fernando Aramayo, lanz\u00f3 una dura cr\u00edtica contra dirigentes del sector minero al cuestionar la racionalidad de sus demandas y el nivel de ingresos que perciben, en medio del conflicto por la derogaci\u00f3n de un decreto vinculado al abastecimiento de combustibles.<\/p>\n<p style=\"text-align: justify;\">\u201cUn dirigente gana el equivalente a siete ministros de Estado\u201d, afirm\u00f3 Aramayo, al se\u00f1alar que existen l\u00edderes sindicales y cooperativistas cuyos ingresos \u2014seg\u00fan dijo\u2014 alcanzan niveles que no guardan relaci\u00f3n con los aportes reales del sector al pa\u00eds.<\/p>\n<p style=\"text-align: justify;\">\u201cHabr\u00eda que ver cu\u00e1nto le reporta realmente en impuestos al pa\u00eds el sector minero\u201d, a\u00f1adi\u00f3, poniendo en duda el balance entre ganancias privadas y contribuci\u00f3n fiscal.<\/p>\n<p style=\"text-align: justify;\">El canciller insisti\u00f3 en que el Gobierno est\u00e1 abierto al di\u00e1logo, pero pidi\u00f3 que las demandas vengan acompa\u00f1adas de propuestas concretas. \u201cLos invitamos a sentarse con papel y l\u00e1piz y mostrar la alternativa. \u00bfCu\u00e1l es la alternativa?\u201d, cuestion\u00f3.<\/p>\n<p style=\"text-align: justify;\">En ese marco, advirti\u00f3 que derogar el decreto implicar\u00eda retroceder en la gesti\u00f3n del combustible: \u201cVolver a hacer filas y luego la siguiente etapa ser\u00e1 preguntarnos con qu\u00e9 compramos combustible\u201d.<\/p>\n<p style=\"text-align: justify;\">Aramayo subray\u00f3 que las medidas de presi\u00f3n no afectan a los dirigentes con altos ingresos, sino a la poblaci\u00f3n que depende del transporte p\u00fablico. \u201c\u00bfA qui\u00e9nes est\u00e1n afectando? A quienes viven del transporte p\u00fablico, a quienes se transportan en transporte p\u00fablico\u201d, dijo.<\/p>\n<p style=\"text-align: justify;\">Y remat\u00f3 con una comparaci\u00f3n directa: \u201cUn dirigente que gana 50.000 u 80.000 bolivianos, cooperativas que se regalan lotes enteros de veh\u00edculos de alta gama, seguramente no dependen del transporte p\u00fablico como muchos otros\u201d.<\/p>\n<p style=\"text-align: justify;\">Las declaraciones elevan el tono del debate entre el Gobierno y el sector minero, al poner en el centro no solo la viabilidad de las demandas, sino tambi\u00e9n la desigualdad interna y el impacto social de las medidas de presi\u00f3n.<\/p>\n","protected":false},"excerpt":{"rendered":"<p>El ministro de Relaciones Exteriores, Fernando Aramayo, lanz\u00f3 una dura cr\u00edtica contra dirigentes del sector minero al cuestionar la racionalidad de sus demandas y el nivel de ingresos que perciben, en medio del conflicto por la derogaci\u00f3n de un decreto vinculado al abastecimiento de combustibles. \u201cUn dirigente gana el equivalente a siete ministros de Estado\u201d, [&hellip;]<\/p>\n","protected":false},"author":5,"featured_media":83145,"comment_status":"open","ping_status":"open","sticky":false,"template":"","format":"standard","meta":{"footnotes":""},"categories":[18],"tags":[],"class_list":{"0":"post-83143","1":"post","2":"type-post","3":"status-publish","4":"format-standard","5":"has-post-thumbnail","7":"category-politica"},"_links":{"self":[{"href":"https:\/\/jms.com.bo\/mediamonitor\/wp-json\/wp\/v2\/posts\/83143","targetHints":{"allow":["GET"]}}],"collection":[{"href":"https:\/\/jms.com.bo\/mediamonitor\/wp-json\/wp\/v2\/posts"}],"about":[{"href":"https:\/\/jms.com.bo\/mediamonitor\/wp-json\/wp\/v2\/types\/post"}],"author":[{"embeddable":true,"href":"https:\/\/jms.com.bo\/mediamonitor\/wp-json\/wp\/v2\/users\/5"}],"replies":[{"embeddable":true,"href":"https:\/\/jms.com.bo\/mediamonitor\/wp-json\/wp\/v2\/comments?post=83143"}],"version-history":[{"count":1,"href":"https:\/\/jms.com.bo\/mediamonitor\/wp-json\/wp\/v2\/posts\/83143\/revisions"}],"predecessor-version":[{"id":83146,"href":"https:\/\/jms.com.bo\/mediamonitor\/wp-json\/wp\/v2\/posts\/83143\/revisions\/83146"}],"wp:featuredmedia":[{"embeddable":true,"href":"https:\/\/jms.com.bo\/mediamonitor\/wp-json\/wp\/v2\/media\/83145"}],"wp:attachment":[{"href":"https:\/\/jms.com.bo\/mediamonitor\/wp-json\/wp\/v2\/media?parent=83143"}],"wp:term":[{"taxonomy":"category","embeddable":true,"href":"https:\/\/jms.com.bo\/mediamonitor\/wp-json\/wp\/v2\/categories?post=83143"},{"taxonomy":"post_tag","embeddable":true,"href":"https:\/\/jms.com.bo\/mediamonitor\/wp-json\/wp\/v2\/tags?post=83143"}],"curies":[{"name":"wp","href":"https:\/\/api.w.org\/{rel}","templated":true}]}}