{"id":83147,"date":"2026-01-02T08:22:56","date_gmt":"2026-01-02T12:22:56","guid":{"rendered":"https:\/\/jms.com.bo\/mediamonitor\/?p=83147"},"modified":"2026-01-02T08:22:56","modified_gmt":"2026-01-02T12:22:56","slug":"rodrigo-paz-aprueba-el-decreto-5515-para-gobernar-a-traves-de-la-tecnologia-desde-el-extranjero","status":"publish","type":"post","link":"https:\/\/jms.com.bo\/mediamonitor\/2026\/01\/02\/rodrigo-paz-aprueba-el-decreto-5515-para-gobernar-a-traves-de-la-tecnologia-desde-el-extranjero\/","title":{"rendered":"Rodrigo Paz aprueba el Decreto 5515 para gobernar a trav\u00e9s de la tecnolog\u00eda desde el extranjero"},"content":{"rendered":"<p style=\"text-align: justify;\">El presidente Rodrigo Paz aprob\u00f3 el Decreto Supremo 5515, con el objetivo de poder seguir gobernando incluso aunque se encuentre fuera del territorio nacional.<\/p>\n<p style=\"text-align: justify;\">\u201cLa Presidenta o Presidente del Estado Plurinacional tiene las atribuciones establecidas por el Art\u00edculo 172 de la Constituci\u00f3n Pol\u00edtica del Estado; deber\u00e1 ejercer las mismas, a trav\u00e9s de medios tecnol\u00f3gicos de comunicaci\u00f3n, en caso de encontrarse fuera del territorio nacional de manera temporal\u201d, detalla el inciso 1 del art\u00edculo 9.<\/p>\n<p style=\"text-align: justify;\">Este mes se conoci\u00f3 tambi\u00e9n Rodrigo Paz, quien asumi\u00f3 la Presidencia en noviembre, viajar\u00e1 al exterior al menos pata dos eventos. El Foro Econ\u00f3mico Mundial en Suiza este mes de enero y en marzo para la posesi\u00f3n del presidente electo de Chile, Jos\u00e9 Antonio Kast.<\/p>\n<p style=\"text-align: justify;\">La normativa fue aprobada el 29 de diciembre del 2025 y solo tiene 10 art\u00edculos.<\/p>\n<p style=\"text-align: justify;\">En el mismo art\u00edculo 9 se detalla que \u201cAnte la imposibilidad del uso de medios tecnol\u00f3gicos, la Presidenta o Presidente del Estado Plurinacional, comunicar\u00e1 de forma expresa, escrita y con precisi\u00f3n de fechas a quien ejerza la Vicepresidencia por mandato constitucional, el detalle de acciones a realizar a efecto del ejercicio en suplencia temporal de la Presidencia del Estado, el cual ser\u00e1 interrumpido autom\u00e1ticamente, por la presencia del Presidente del Estado, en territorio nacional\u201d.<\/p>\n<p style=\"text-align: justify;\">En el mismo decreto se hace referencia a las atribuciones de la Vicepresidencia y en el art\u00edculo 10 se precisa que \u201cen el ejercicio de la suplencia temporal de la Presidencia del Estado, el vice que asuma \u201ddirigir\u00e1 su accionar en el marco del detalle previsto en el par\u00e1grafo II del art\u00edculo precedente, salvo ampliaci\u00f3n expresa del titular durante el periodo de vigencia comunicado, en ambos casos, las acciones deber\u00e1n estar ejecutadas en coordinaci\u00f3n con el Ministro de la Presidencia titular o interino, en congruencia con las pol\u00edticas de Estado y de Gobierno correspondientes\u201d.<\/p>\n<p style=\"text-align: justify;\">Tras la normativa, se aguarda un pronunciamiento del vicepresidente, Edmand Lara, quien ha expresado en los \u00faltimos d\u00edas cuestionamientos contra Paz.<\/p>\n","protected":false},"excerpt":{"rendered":"<p>El presidente Rodrigo Paz aprob\u00f3 el Decreto Supremo 5515, con el objetivo de poder seguir gobernando incluso aunque se encuentre fuera del territorio nacional. \u201cLa Presidenta o Presidente del Estado Plurinacional tiene las atribuciones establecidas por el Art\u00edculo 172 de la Constituci\u00f3n Pol\u00edtica del Estado; deber\u00e1 ejercer las mismas, a trav\u00e9s de medios tecnol\u00f3gicos de [&hellip;]<\/p>\n","protected":false},"author":5,"featured_media":83144,"comment_status":"open","ping_status":"open","sticky":false,"template":"","format":"standard","meta":{"footnotes":""},"categories":[18,48,46],"tags":[],"class_list":{"0":"post-83147","1":"post","2":"type-post","3":"status-publish","4":"format-standard","5":"has-post-thumbnail","7":"category-politica","8":"category-portada-general-sitio","9":"category-portada-politica"},"_links":{"self":[{"href":"https:\/\/jms.com.bo\/mediamonitor\/wp-json\/wp\/v2\/posts\/83147","targetHints":{"allow":["GET"]}}],"collection":[{"href":"https:\/\/jms.com.bo\/mediamonitor\/wp-json\/wp\/v2\/posts"}],"about":[{"href":"https:\/\/jms.com.bo\/mediamonitor\/wp-json\/wp\/v2\/types\/post"}],"author":[{"embeddable":true,"href":"https:\/\/jms.com.bo\/mediamonitor\/wp-json\/wp\/v2\/users\/5"}],"replies":[{"embeddable":true,"href":"https:\/\/jms.com.bo\/mediamonitor\/wp-json\/wp\/v2\/comments?post=83147"}],"version-history":[{"count":1,"href":"https:\/\/jms.com.bo\/mediamonitor\/wp-json\/wp\/v2\/posts\/83147\/revisions"}],"predecessor-version":[{"id":83148,"href":"https:\/\/jms.com.bo\/mediamonitor\/wp-json\/wp\/v2\/posts\/83147\/revisions\/83148"}],"wp:featuredmedia":[{"embeddable":true,"href":"https:\/\/jms.com.bo\/mediamonitor\/wp-json\/wp\/v2\/media\/83144"}],"wp:attachment":[{"href":"https:\/\/jms.com.bo\/mediamonitor\/wp-json\/wp\/v2\/media?parent=83147"}],"wp:term":[{"taxonomy":"category","embeddable":true,"href":"https:\/\/jms.com.bo\/mediamonitor\/wp-json\/wp\/v2\/categories?post=83147"},{"taxonomy":"post_tag","embeddable":true,"href":"https:\/\/jms.com.bo\/mediamonitor\/wp-json\/wp\/v2\/tags?post=83147"}],"curies":[{"name":"wp","href":"https:\/\/api.w.org\/{rel}","templated":true}]}}