{"id":83149,"date":"2026-01-02T08:24:37","date_gmt":"2026-01-02T12:24:37","guid":{"rendered":"https:\/\/jms.com.bo\/mediamonitor\/?p=83149"},"modified":"2026-01-02T08:24:37","modified_gmt":"2026-01-02T12:24:37","slug":"gobierno-puso-en-vigencia-el-nuevo-arancel-aduanero-de-importaciones-2026","status":"publish","type":"post","link":"https:\/\/jms.com.bo\/mediamonitor\/2026\/01\/02\/gobierno-puso-en-vigencia-el-nuevo-arancel-aduanero-de-importaciones-2026\/","title":{"rendered":"Gobierno puso en vigencia el nuevo arancel aduanero de importaciones 2026"},"content":{"rendered":"<p style=\"text-align: justify;\">El Gobierno public\u00f3 este jueves el Nuevo Arancel Aduanero de Importaciones 2026, que contiene informaci\u00f3n actualizada y ordenada para facilitar el comercio y la gesti\u00f3n aduanera en Bolivia.<\/p>\n<p style=\"text-align: justify;\">El documento fue difundido por el Ministerio de Econom\u00eda en su p\u00e1gina web y sus redes sociales, se\u00f1alando que entra en vigencia el 1 de enero de 2026, mediante Resoluci\u00f3n Ministerial N\u00b0 557, de 31 de diciembre de 2025, conforme a lo dispuesto en el Art\u00edculo 299 del Reglamento a la Ley General de Aduanas (RLGA) aprobado mediante Decreto Supremo N\u00b0 25870 de 11 de agosto de 2000.<\/p>\n<p style=\"text-align: justify;\">El Arancel Aduanero contiene informaci\u00f3n referida a los niveles de gravamen arancelario, un car\u00e1cter referencial del detalle de mercanc\u00edas sujetas a la presentaci\u00f3n de certificados y autorizaciones previas.<\/p>\n<p style=\"text-align: justify;\">Adem\u00e1s, contiene preferencias arancelarias para esta gesti\u00f3n, listado de mercanc\u00edas sujetas al pago de Impuesto a Consumo Espec\u00edfico, certificaciones y criterios de clasificaci\u00f3n arancelaria en nomenclatura com\u00fan de la Comunidad Andina de Naciones.<\/p>\n<p style=\"text-align: justify;\">El Ministerio de Econom\u00eda se\u00f1al\u00f3 que el documento permitir\u00e1 identificar todas las mercanc\u00edas que son objeto de comercio bajo los reg\u00edmenes aduaneros, seg\u00fan la normativa vigente.<\/p>\n<p style=\"text-align: justify;\">\n","protected":false},"excerpt":{"rendered":"<p>El Gobierno public\u00f3 este jueves el Nuevo Arancel Aduanero de Importaciones 2026, que contiene informaci\u00f3n actualizada y ordenada para facilitar el comercio y la gesti\u00f3n aduanera en Bolivia. El documento fue difundido por el Ministerio de Econom\u00eda en su p\u00e1gina web y sus redes sociales, se\u00f1alando que entra en vigencia el 1 de enero de [&hellip;]<\/p>\n","protected":false},"author":5,"featured_media":83150,"comment_status":"open","ping_status":"open","sticky":false,"template":"","format":"standard","meta":{"footnotes":""},"categories":[25],"tags":[],"class_list":{"0":"post-83149","1":"post","2":"type-post","3":"status-publish","4":"format-standard","5":"has-post-thumbnail","7":"category-economia"},"_links":{"self":[{"href":"https:\/\/jms.com.bo\/mediamonitor\/wp-json\/wp\/v2\/posts\/83149","targetHints":{"allow":["GET"]}}],"collection":[{"href":"https:\/\/jms.com.bo\/mediamonitor\/wp-json\/wp\/v2\/posts"}],"about":[{"href":"https:\/\/jms.com.bo\/mediamonitor\/wp-json\/wp\/v2\/types\/post"}],"author":[{"embeddable":true,"href":"https:\/\/jms.com.bo\/mediamonitor\/wp-json\/wp\/v2\/users\/5"}],"replies":[{"embeddable":true,"href":"https:\/\/jms.com.bo\/mediamonitor\/wp-json\/wp\/v2\/comments?post=83149"}],"version-history":[{"count":1,"href":"https:\/\/jms.com.bo\/mediamonitor\/wp-json\/wp\/v2\/posts\/83149\/revisions"}],"predecessor-version":[{"id":83151,"href":"https:\/\/jms.com.bo\/mediamonitor\/wp-json\/wp\/v2\/posts\/83149\/revisions\/83151"}],"wp:featuredmedia":[{"embeddable":true,"href":"https:\/\/jms.com.bo\/mediamonitor\/wp-json\/wp\/v2\/media\/83150"}],"wp:attachment":[{"href":"https:\/\/jms.com.bo\/mediamonitor\/wp-json\/wp\/v2\/media?parent=83149"}],"wp:term":[{"taxonomy":"category","embeddable":true,"href":"https:\/\/jms.com.bo\/mediamonitor\/wp-json\/wp\/v2\/categories?post=83149"},{"taxonomy":"post_tag","embeddable":true,"href":"https:\/\/jms.com.bo\/mediamonitor\/wp-json\/wp\/v2\/tags?post=83149"}],"curies":[{"name":"wp","href":"https:\/\/api.w.org\/{rel}","templated":true}]}}