{"id":83155,"date":"2026-01-02T08:28:36","date_gmt":"2026-01-02T12:28:36","guid":{"rendered":"https:\/\/jms.com.bo\/mediamonitor\/?p=83155"},"modified":"2026-01-02T08:28:36","modified_gmt":"2026-01-02T12:28:36","slug":"el-2025-cierra-con-una-inflacion-que-se-proyecta-por-encima-del-20","status":"publish","type":"post","link":"https:\/\/jms.com.bo\/mediamonitor\/2026\/01\/02\/el-2025-cierra-con-una-inflacion-que-se-proyecta-por-encima-del-20\/","title":{"rendered":"El 2025 cierra con una inflaci\u00f3n que se proyecta por encima del 20%"},"content":{"rendered":"<p style=\"text-align: justify;\">Bolivia cerr\u00f3 el a\u00f1o 2025 con una inflaci\u00f3n acumulada que se proyecta por encima del 20%, seg\u00fan estimaciones de analistas econ\u00f3micos. Esta cifra elevada, que se presenta luego de aproximadamente cuatro d\u00e9cadas, refleja el agotamiento de los mecanismos que durante m\u00e1s de diez a\u00f1os contuvieron la escalada de los precios.<\/p>\n<p style=\"text-align: justify;\">\u201cHay que tomar en cuenta que el mes de diciembre es un mes inflacionario y que ah\u00ed se suman ya los efectos de la suba de precios que se ven\u00edan arrastrando de meses anteriores, y aunque con menor fuerza, toma nuevamente impulso con la suba de precios de la gasolina; podr\u00edamos estar bordeando entre un 22 a 25%, siendo optimistas, lo que no indica que podr\u00eda ser m\u00e1s\u201d, expres\u00f3 el economista Fernando Romero.<\/p>\n<p style=\"text-align: justify;\">El economista Rub\u00e9n Arias coincide en que la inflaci\u00f3n superar\u00e1 el 20%. \u201cEra previsible que terminemos este a\u00f1o con una inflaci\u00f3n cercana justamente al 20%, como lo que estamos viendo, por lo que ha acontecido en todo el a\u00f1o, el tema de la falta de d\u00f3lares, la falta de combustible, y la elevaci\u00f3n de los precios en la canasta b\u00e1sica. Algunos hasta proyectaban una inflaci\u00f3n de casi el 30%\u201d, indic\u00f3.<\/p>\n<p style=\"text-align: justify;\">Los datos de la inflaci\u00f3n<\/p>\n<p style=\"text-align: justify;\">El \u00faltimo pico inflacionario de dos d\u00edgitos se registr\u00f3 el 2008 cuando la inflaci\u00f3n acumulada y anual lleg\u00f3 a 11,85%, seg\u00fan los datos hist\u00f3ricos del Banco Central Bolivia (BCB). Posteriormente el pa\u00eds ingres\u00f3 en un per\u00edodo de inflaci\u00f3n moderada con tasas anuales que, entre 2015 y 2023, se mantuvieron mayormente por debajo del 3%.<\/p>\n<p style=\"text-align: justify;\">La ruptura se evidencia a partir de 2024, cuando la inflaci\u00f3n anual escala a 9,97%, y se profundiza en 2025. A noviembre de este a\u00f1o, la inflaci\u00f3n acumulada alcanza 19,69% y la inflaci\u00f3n anual se sit\u00faa en 20,96%.<\/p>\n<p style=\"text-align: justify;\">Perspectivas para 2026<\/p>\n<p style=\"text-align: justify;\">Los expertos coinciden en que 2026 continuar\u00e1 siendo un a\u00f1o inflacionario, aunque con ciertas diferencias respecto a la intensidad. El economista Germ\u00e1n Molina estima que la inflaci\u00f3n se mantendr\u00e1 dentro del rango de un d\u00edgito, principalmente por el ingreso de divisas externas provenientes de cr\u00e9ditos internacionales, el experto pronostica que la inflaci\u00f3n se desacelerar\u00e1 tras el aumento de precios que ya se dio en 2025.<\/p>\n<p style=\"text-align: justify;\">\u201cEl efecto elevado que se esperaba ha sucedido en la aprobaci\u00f3n del decreto 5503 el 17 de diciembre, han pasado casi dos semanas y por ejemplo, la pieza de pan en La Paz subi\u00f3 al principio 80 o 90 centavos, ahora ha vuelto a bajar, est\u00e1n vendiendo a 60, 70 centavos. Los otros productos que se encuentran en los supermercados han bajado como consecuencia del tipo de cambio, el d\u00f3lar hoy est\u00e1 en Bs 9.20. Estamos ingresando a un periodo de estabilizaci\u00f3n gradual de la econom\u00eda para el 2026\u201d, apunt\u00f3.<\/p>\n<p style=\"text-align: justify;\">Asimismo, Molina indic\u00f3 que tras el alza de los precios que se dieron casi al finalizar el a\u00f1o, las familias ya tomaron previsiones para el pr\u00f3ximo 2026 debido a que empiezan las inscripciones escolares, compras de uniformes y \u00fatiles escolares.<\/p>\n<p style=\"text-align: justify;\">Para Arias, los primeros meses de 2026 seguir\u00e1n mostrando presi\u00f3n inflacionaria, principalmente por la eliminaci\u00f3n de las subvenciones a los hidrocarburos, lo que continuar\u00e1 impactado en alimentos y bienes b\u00e1sicos.<\/p>\n<p style=\"text-align: justify;\">Sin embargo, estim\u00f3 que a partir de marzo o abril podr\u00eda observarse una desaceleraci\u00f3n, impulsada por la llegada de cr\u00e9ditos externos, mayor disponibilidad de divisas y un incremento de la inversi\u00f3n.<\/p>\n<p style=\"text-align: justify;\">\u201cTodav\u00eda tenemos que prepararnos para que en los primeros tres meses del pr\u00f3ximo a\u00f1o se d\u00e9 todav\u00eda este fen\u00f3meno inflacionario que es un efecto de lo que han sido estas reformas econ\u00f3micas que ha presentado tambi\u00e9n el gobierno, porque obviamente se ha levantado la subvenci\u00f3n y eso significa elevaci\u00f3n de precios y eso obviamente significa tambi\u00e9n inflaci\u00f3n\u201d, indic\u00f3.<\/p>\n<p style=\"text-align: justify;\">Para Fernando Romero, el panorama econ\u00f3mico de 2026 seguir\u00e1 marcado por presiones inflacionarias, aunque con una intensidad distinta a la de 2025. El economista advierte que los primeros meses del a\u00f1o continuar\u00e1n siendo inflacionarios debido al arrastre de los ajustes realizados en 2025, especialmente la eliminaci\u00f3n de subvenciones a los carburantes, el aumento de los costos de producci\u00f3n y comercializaci\u00f3n y el impacto acumulado de la subida de precios en transporte y alimentos. Estos factores, se\u00f1ala, no se corrigen de manera inmediata y tienden a trasladarse gradualmente a toda la econom\u00eda.<\/p>\n<p style=\"text-align: justify;\">\u201cEl a\u00f1o 2026 todav\u00eda ser\u00e1 un a\u00f1o inflacionario porque la econom\u00eda seguir\u00e1 en recesi\u00f3n y se prev\u00e9 un nuevo reajuste de los precios de los carburantes. A eso se suma el aumento de los costos de producci\u00f3n y comercializaci\u00f3n, la especulaci\u00f3n, el contrabando y la emisi\u00f3n monetaria para financiar el gasto p\u00fablico. No me atrevo a dar una cifra, pero s\u00ed puedo afirmar que la inflaci\u00f3n va a continuar\u201d indic\u00f3.<\/p>\n","protected":false},"excerpt":{"rendered":"<p>Bolivia cerr\u00f3 el a\u00f1o 2025 con una inflaci\u00f3n acumulada que se proyecta por encima del 20%, seg\u00fan estimaciones de analistas econ\u00f3micos. Esta cifra elevada, que se presenta luego de aproximadamente cuatro d\u00e9cadas, refleja el agotamiento de los mecanismos que durante m\u00e1s de diez a\u00f1os contuvieron la escalada de los precios. \u201cHay que tomar en cuenta [&hellip;]<\/p>\n","protected":false},"author":5,"featured_media":83156,"comment_status":"open","ping_status":"open","sticky":false,"template":"","format":"standard","meta":{"footnotes":""},"categories":[25,45,48],"tags":[],"class_list":{"0":"post-83155","1":"post","2":"type-post","3":"status-publish","4":"format-standard","5":"has-post-thumbnail","7":"category-economia","8":"category-portada-economia","9":"category-portada-general-sitio"},"_links":{"self":[{"href":"https:\/\/jms.com.bo\/mediamonitor\/wp-json\/wp\/v2\/posts\/83155","targetHints":{"allow":["GET"]}}],"collection":[{"href":"https:\/\/jms.com.bo\/mediamonitor\/wp-json\/wp\/v2\/posts"}],"about":[{"href":"https:\/\/jms.com.bo\/mediamonitor\/wp-json\/wp\/v2\/types\/post"}],"author":[{"embeddable":true,"href":"https:\/\/jms.com.bo\/mediamonitor\/wp-json\/wp\/v2\/users\/5"}],"replies":[{"embeddable":true,"href":"https:\/\/jms.com.bo\/mediamonitor\/wp-json\/wp\/v2\/comments?post=83155"}],"version-history":[{"count":1,"href":"https:\/\/jms.com.bo\/mediamonitor\/wp-json\/wp\/v2\/posts\/83155\/revisions"}],"predecessor-version":[{"id":83157,"href":"https:\/\/jms.com.bo\/mediamonitor\/wp-json\/wp\/v2\/posts\/83155\/revisions\/83157"}],"wp:featuredmedia":[{"embeddable":true,"href":"https:\/\/jms.com.bo\/mediamonitor\/wp-json\/wp\/v2\/media\/83156"}],"wp:attachment":[{"href":"https:\/\/jms.com.bo\/mediamonitor\/wp-json\/wp\/v2\/media?parent=83155"}],"wp:term":[{"taxonomy":"category","embeddable":true,"href":"https:\/\/jms.com.bo\/mediamonitor\/wp-json\/wp\/v2\/categories?post=83155"},{"taxonomy":"post_tag","embeddable":true,"href":"https:\/\/jms.com.bo\/mediamonitor\/wp-json\/wp\/v2\/tags?post=83155"}],"curies":[{"name":"wp","href":"https:\/\/api.w.org\/{rel}","templated":true}]}}