{"id":83161,"date":"2026-01-05T08:35:54","date_gmt":"2026-01-05T12:35:54","guid":{"rendered":"https:\/\/jms.com.bo\/mediamonitor\/?p=83161"},"modified":"2026-01-05T08:35:54","modified_gmt":"2026-01-05T12:35:54","slug":"gobierno-anuncia-la-llegada-de-un-millon-de-vacunas-contra-la-influenza-a-partir-de-mediados-de-enero","status":"publish","type":"post","link":"https:\/\/jms.com.bo\/mediamonitor\/2026\/01\/05\/gobierno-anuncia-la-llegada-de-un-millon-de-vacunas-contra-la-influenza-a-partir-de-mediados-de-enero\/","title":{"rendered":"Gobierno anuncia la llegada de un mill\u00f3n de vacunas contra la influenza a partir de mediados de enero"},"content":{"rendered":"<p style=\"text-align: justify;\">La ministra de Salud, Marcela Flores, inform\u00f3 que entre el 15 y el 30 de enero arribar\u00e1 al pa\u00eds un lote de un mill\u00f3n de vacunas contra la influenza, destinadas a reforzar la prevenci\u00f3n de enfermedades respiratorias en la poblaci\u00f3n m\u00e1s vulnerable.<\/p>\n<p style=\"text-align: justify;\">La autoridad explic\u00f3 que estas nuevas dosis no solo protegen contra las variantes habituales de la influenza, sino que tambi\u00e9n brindan cobertura frente a la subvariante tipo K, recientemente detectada en el pa\u00eds. Asimismo, precis\u00f3 que el lote ya fue cancelado y se encuentra listo para su distribuci\u00f3n una vez que ingrese al territorio nacional.<\/p>\n<p style=\"text-align: justify;\">De acuerdo con la planificaci\u00f3n del Ministerio de Salud, la vacunaci\u00f3n se iniciar\u00e1 con los grupos de mayor riesgo, entre ellos las personas mayores de 60 a\u00f1os, los ni\u00f1os menores de cinco a\u00f1os y quienes padecen enfermedades de base.<\/p>\n<p style=\"text-align: justify;\">En relaci\u00f3n con los casos confirmados de la subvariante K, Flores asegur\u00f3 que la situaci\u00f3n est\u00e1 bajo control y que los pacientes evolucionan favorablemente. \u201cTodos los pacientes que dieron positivo a la subvariante K est\u00e1n estables\u201d, se\u00f1al\u00f3, aclarando que ninguno requiri\u00f3 internaci\u00f3n hospitalaria.<\/p>\n<p style=\"text-align: justify;\">Seg\u00fan los datos oficiales, en lo que va del a\u00f1o se reportaron 83 casos de influenza AH3N2 y cuatro contagios correspondientes a la subvariante K, lo que motiv\u00f3 a las autoridades sanitarias a reforzar las medidas de prevenci\u00f3n y la pr\u00f3xima campa\u00f1a de inmunizaci\u00f3n a nivel nacional.<\/p>\n","protected":false},"excerpt":{"rendered":"<p>La ministra de Salud, Marcela Flores, inform\u00f3 que entre el 15 y el 30 de enero arribar\u00e1 al pa\u00eds un lote de un mill\u00f3n de vacunas contra la influenza, destinadas a reforzar la prevenci\u00f3n de enfermedades respiratorias en la poblaci\u00f3n m\u00e1s vulnerable. La autoridad explic\u00f3 que estas nuevas dosis no solo protegen contra las variantes [&hellip;]<\/p>\n","protected":false},"author":5,"featured_media":83162,"comment_status":"open","ping_status":"open","sticky":false,"template":"","format":"standard","meta":{"footnotes":""},"categories":[53],"tags":[],"class_list":{"0":"post-83161","1":"post","2":"type-post","3":"status-publish","4":"format-standard","5":"has-post-thumbnail","7":"category-salud"},"_links":{"self":[{"href":"https:\/\/jms.com.bo\/mediamonitor\/wp-json\/wp\/v2\/posts\/83161","targetHints":{"allow":["GET"]}}],"collection":[{"href":"https:\/\/jms.com.bo\/mediamonitor\/wp-json\/wp\/v2\/posts"}],"about":[{"href":"https:\/\/jms.com.bo\/mediamonitor\/wp-json\/wp\/v2\/types\/post"}],"author":[{"embeddable":true,"href":"https:\/\/jms.com.bo\/mediamonitor\/wp-json\/wp\/v2\/users\/5"}],"replies":[{"embeddable":true,"href":"https:\/\/jms.com.bo\/mediamonitor\/wp-json\/wp\/v2\/comments?post=83161"}],"version-history":[{"count":1,"href":"https:\/\/jms.com.bo\/mediamonitor\/wp-json\/wp\/v2\/posts\/83161\/revisions"}],"predecessor-version":[{"id":83163,"href":"https:\/\/jms.com.bo\/mediamonitor\/wp-json\/wp\/v2\/posts\/83161\/revisions\/83163"}],"wp:featuredmedia":[{"embeddable":true,"href":"https:\/\/jms.com.bo\/mediamonitor\/wp-json\/wp\/v2\/media\/83162"}],"wp:attachment":[{"href":"https:\/\/jms.com.bo\/mediamonitor\/wp-json\/wp\/v2\/media?parent=83161"}],"wp:term":[{"taxonomy":"category","embeddable":true,"href":"https:\/\/jms.com.bo\/mediamonitor\/wp-json\/wp\/v2\/categories?post=83161"},{"taxonomy":"post_tag","embeddable":true,"href":"https:\/\/jms.com.bo\/mediamonitor\/wp-json\/wp\/v2\/tags?post=83161"}],"curies":[{"name":"wp","href":"https:\/\/api.w.org\/{rel}","templated":true}]}}