{"id":83252,"date":"2026-01-06T08:19:57","date_gmt":"2026-01-06T12:19:57","guid":{"rendered":"https:\/\/jms.com.bo\/mediamonitor\/?p=83252"},"modified":"2026-01-06T08:19:57","modified_gmt":"2026-01-06T12:19:57","slug":"gobierno-consolida-acuerdos-con-el-sistema-financiero-para-aplicar-alivio-crediticio-responsable","status":"publish","type":"post","link":"https:\/\/jms.com.bo\/mediamonitor\/2026\/01\/06\/gobierno-consolida-acuerdos-con-el-sistema-financiero-para-aplicar-alivio-crediticio-responsable\/","title":{"rendered":"Gobierno consolida acuerdos con el sistema financiero para aplicar alivio crediticio responsable"},"content":{"rendered":"<p style=\"text-align: justify;\">El Gobierno Nacional, a trav\u00e9s del Ministerio de Econom\u00eda y Finanzas P\u00fablicas, suscribi\u00f3 un acuerdo para la aplicaci\u00f3n del alivio de cr\u00e9ditos de vivienda de inter\u00e9s social y cr\u00e9ditos productivos de la micro y peque\u00f1a empresa, en el marco del Decreto Supremo 5503.<\/p>\n<p style=\"text-align: justify;\">El acta suscrita establece compromisos concretos orientados a brindar alivio real a los prestatarios. Entre los acuerdos destaca:<\/p>\n<p style=\"text-align: justify;\">&#8211; La suspensi\u00f3n excepcional de medidas judiciales por seis meses en cr\u00e9ditos de Vivienda de Inter\u00e9s Social, incluyendo embargos, remates y otras acciones sobre bienes dados en garant\u00eda, conforme al marco normativo vigente.<\/p>\n<p style=\"text-align: justify;\">&#8211; El diferimiento de cr\u00e9ditos no autom\u00e1tico ni generalizado, aplicable \u00fanicamente a solicitud expresa del prestatario y sujeto a una evaluaci\u00f3n individualizada, caso por caso, por cada entidad financiera.<\/p>\n<p style=\"text-align: justify;\">&#8211; El tratamiento excepcional y voluntario para operaciones no alcanzadas por el Decreto Supremo 5503, permitiendo flexibilizaci\u00f3n de condiciones o negociaciones espec\u00edficas cuando la situaci\u00f3n del prestatario lo amerite.<\/p>\n<p style=\"text-align: justify;\">&#8211; El mantenimiento de las condiciones financieras originales durante el per\u00edodo de diferimiento, sin incremento de tasas de inter\u00e9s, sin intereses extraordinarios y sin sanciones ni penalizaciones.<\/p>\n<p style=\"text-align: justify;\">Las cuotas diferidas ser\u00e1n reprogramadas de manera proporcional durante el plazo restante del cr\u00e9dito o mediante la ampliaci\u00f3n del mismo, con el objetivo de evitar incrementos que afecten la capacidad de pago de las familias y de las unidades productivas, inform\u00f3 el Ministerio de Econom\u00eda, mediante un comunicado.<\/p>\n<p style=\"text-align: justify;\">A esta mesa de trabajo, junto con las autoridades del ejecutivo nacional, tambi\u00e9n acudieron representantes del sistema financiero como Asoban, Asofin y Finrural, adem\u00e1s de organizaciones de control social, movimientos de prestatarios y representantes de la micro y peque\u00f1a empresa.<\/p>\n","protected":false},"excerpt":{"rendered":"<p>El Gobierno Nacional, a trav\u00e9s del Ministerio de Econom\u00eda y Finanzas P\u00fablicas, suscribi\u00f3 un acuerdo para la aplicaci\u00f3n del alivio de cr\u00e9ditos de vivienda de inter\u00e9s social y cr\u00e9ditos productivos de la micro y peque\u00f1a empresa, en el marco del Decreto Supremo 5503. El acta suscrita establece compromisos concretos orientados a brindar alivio real a [&hellip;]<\/p>\n","protected":false},"author":5,"featured_media":83253,"comment_status":"open","ping_status":"open","sticky":false,"template":"","format":"standard","meta":{"footnotes":""},"categories":[25,45,48],"tags":[],"class_list":{"0":"post-83252","1":"post","2":"type-post","3":"status-publish","4":"format-standard","5":"has-post-thumbnail","7":"category-economia","8":"category-portada-economia","9":"category-portada-general-sitio"},"_links":{"self":[{"href":"https:\/\/jms.com.bo\/mediamonitor\/wp-json\/wp\/v2\/posts\/83252","targetHints":{"allow":["GET"]}}],"collection":[{"href":"https:\/\/jms.com.bo\/mediamonitor\/wp-json\/wp\/v2\/posts"}],"about":[{"href":"https:\/\/jms.com.bo\/mediamonitor\/wp-json\/wp\/v2\/types\/post"}],"author":[{"embeddable":true,"href":"https:\/\/jms.com.bo\/mediamonitor\/wp-json\/wp\/v2\/users\/5"}],"replies":[{"embeddable":true,"href":"https:\/\/jms.com.bo\/mediamonitor\/wp-json\/wp\/v2\/comments?post=83252"}],"version-history":[{"count":1,"href":"https:\/\/jms.com.bo\/mediamonitor\/wp-json\/wp\/v2\/posts\/83252\/revisions"}],"predecessor-version":[{"id":83254,"href":"https:\/\/jms.com.bo\/mediamonitor\/wp-json\/wp\/v2\/posts\/83252\/revisions\/83254"}],"wp:featuredmedia":[{"embeddable":true,"href":"https:\/\/jms.com.bo\/mediamonitor\/wp-json\/wp\/v2\/media\/83253"}],"wp:attachment":[{"href":"https:\/\/jms.com.bo\/mediamonitor\/wp-json\/wp\/v2\/media?parent=83252"}],"wp:term":[{"taxonomy":"category","embeddable":true,"href":"https:\/\/jms.com.bo\/mediamonitor\/wp-json\/wp\/v2\/categories?post=83252"},{"taxonomy":"post_tag","embeddable":true,"href":"https:\/\/jms.com.bo\/mediamonitor\/wp-json\/wp\/v2\/tags?post=83252"}],"curies":[{"name":"wp","href":"https:\/\/api.w.org\/{rel}","templated":true}]}}