{"id":83255,"date":"2026-01-06T08:24:43","date_gmt":"2026-01-06T12:24:43","guid":{"rendered":"https:\/\/jms.com.bo\/mediamonitor\/?p=83255"},"modified":"2026-01-06T08:24:43","modified_gmt":"2026-01-06T12:24:43","slug":"reforma-energetica-apunta-a-inversion-privada-y-transicion-sostenible","status":"publish","type":"post","link":"https:\/\/jms.com.bo\/mediamonitor\/2026\/01\/06\/reforma-energetica-apunta-a-inversion-privada-y-transicion-sostenible\/","title":{"rendered":"Reforma energ\u00e9tica apunta a inversi\u00f3n privada y transici\u00f3n sostenible"},"content":{"rendered":"<p style=\"text-align: justify;\">El Gobierno acelera una reforma integral del sector energ\u00e9tico con el objetivo central de atraer inversiones y dinamizar la econom\u00eda. La estrategia es impulsada por el Ministerio de Hidrocarburos y Energ\u00edas, que elabora alista cuatro leyes ley para modernizar el marco normativo vigente.<\/p>\n<p style=\"text-align: justify;\">El ministro del \u00e1rea, Mauricio Medinaceli, afirm\u00f3 que la prioridad del \u00d3rgano Ejecutivo es generar condiciones econ\u00f3micas favorables antes de encarar el debate legislativo.<\/p>\n<p style=\"text-align: justify;\">\u201cEstamos trabajando en una reforma estructural del sector energ\u00e9tico para reactivar la econom\u00eda y atraer inversi\u00f3n nacional y extranjera\u201d, se\u00f1al\u00f3 la autoridad, citada en una nota de prensa.<\/p>\n<p style=\"text-align: justify;\">Reforma energ\u00e9tica<br \/>\nEl paquete normativo incluye la nueva Ley de Hidrocarburos, la Ley de Electricidad, la Ley Verde y la Ley del Litio.<\/p>\n<p style=\"text-align: justify;\">Seg\u00fan Medinaceli, estas normas marcar\u00e1n un nuevo rumbo en la pol\u00edtica energ\u00e9tica del pa\u00eds y permitir\u00e1n mayor eficiencia productiva.<\/p>\n<p style=\"text-align: justify;\">En el caso de la Ley de Hidrocarburos, el proyecto plantea una nueva tipolog\u00eda contractual y un sistema impositivo diferenciado.<\/p>\n<p style=\"text-align: justify;\">El ministro explic\u00f3 que el actual esquema tributario no responde a la realidad de los distintos campos productores del pa\u00eds.<\/p>\n<p style=\"text-align: justify;\">\u201cHoy tenemos el mismo impuesto para todos los campos. Es como usar la misma talla de ropa para todos\u201d, grafic\u00f3 Medinaceli.<\/p>\n<p style=\"text-align: justify;\">Inversi\u00f3n privada<br \/>\nIndic\u00f3 que el nuevo sistema impositivo ser\u00e1 flexible y adaptado a las caracter\u00edsticas t\u00e9cnicas y geogr\u00e1ficas de cada regi\u00f3n.<\/p>\n<p style=\"text-align: justify;\">El segundo eje de la reforma es la Ley de Electricidad, orientada a ampliar la participaci\u00f3n del sector privado. La propuesta prioriza la generaci\u00f3n de energ\u00eda a partir de biomasa y fuentes fotovoltaicas.<\/p>\n<p style=\"text-align: justify;\">El Gobierno busca diversificar la matriz energ\u00e9tica y reducir la dependencia de fuentes tradicionales.<\/p>\n<p style=\"text-align: justify;\">Como tercer componente, la Ley Verde apunta al desarrollo de energ\u00edas limpias no el\u00e9ctricas. El proyecto incluye biocombustibles, hidr\u00f3geno, etanol y el acceso a financiamiento mediante bonos verdes.<\/p>\n<p style=\"text-align: justify;\">Tambi\u00e9n contempla programas de electromovilidad y la articulaci\u00f3n con gobiernos subnacionales.<\/p>\n<p style=\"text-align: justify;\">Medinaceli se\u00f1al\u00f3 que esta ley permitir\u00e1 avanzar hacia una transici\u00f3n energ\u00e9tica sostenible y competitiva.<\/p>\n<p style=\"text-align: justify;\">En relaci\u00f3n con el litio, el \u00d3rgano Ejecutivo propone un enfoque que combine protecci\u00f3n ambiental e industrializaci\u00f3n.<\/p>\n<p style=\"text-align: justify;\">La futura Ley del Litio delimitar\u00e1 \u00e1reas de los salares destinadas exclusivamente al turismo y la conservaci\u00f3n paisaj\u00edstica. \u201cQueremos que esas zonas no se toquen y que el litio quede protegido all\u00ed\u201d, afirm\u00f3 el ministro.<\/p>\n<p style=\"text-align: justify;\">A\u00f1adi\u00f3 que las \u00e1reas no protegidas podr\u00e1n desarrollarse mediante proyectos de industrializaci\u00f3n del recurso.<\/p>\n<p style=\"text-align: justify;\">El Gobierno considera que este paquete legislativo brindar\u00e1 mayor seguridad jur\u00eddica a los inversionistas. Adem\u00e1s, prev\u00e9 que la reforma energ\u00e9tica impulse empleo, innovaci\u00f3n y crecimiento econ\u00f3mico sostenible.<\/p>\n<p style=\"text-align: justify;\">El titular de Hidrocarburos anunci\u00f3 que los proyectos ser\u00e1n socializados antes de su tratamiento en la Asamblea Legislativa.<\/p>\n","protected":false},"excerpt":{"rendered":"<p>El Gobierno acelera una reforma integral del sector energ\u00e9tico con el objetivo central de atraer inversiones y dinamizar la econom\u00eda. La estrategia es impulsada por el Ministerio de Hidrocarburos y Energ\u00edas, que elabora alista cuatro leyes ley para modernizar el marco normativo vigente. El ministro del \u00e1rea, Mauricio Medinaceli, afirm\u00f3 que la prioridad del \u00d3rgano [&hellip;]<\/p>\n","protected":false},"author":5,"featured_media":83256,"comment_status":"open","ping_status":"open","sticky":false,"template":"","format":"standard","meta":{"footnotes":""},"categories":[39,44,48],"tags":[],"class_list":{"0":"post-83255","1":"post","2":"type-post","3":"status-publish","4":"format-standard","5":"has-post-thumbnail","7":"category-energia","8":"category-portada-energia","9":"category-portada-general-sitio"},"_links":{"self":[{"href":"https:\/\/jms.com.bo\/mediamonitor\/wp-json\/wp\/v2\/posts\/83255","targetHints":{"allow":["GET"]}}],"collection":[{"href":"https:\/\/jms.com.bo\/mediamonitor\/wp-json\/wp\/v2\/posts"}],"about":[{"href":"https:\/\/jms.com.bo\/mediamonitor\/wp-json\/wp\/v2\/types\/post"}],"author":[{"embeddable":true,"href":"https:\/\/jms.com.bo\/mediamonitor\/wp-json\/wp\/v2\/users\/5"}],"replies":[{"embeddable":true,"href":"https:\/\/jms.com.bo\/mediamonitor\/wp-json\/wp\/v2\/comments?post=83255"}],"version-history":[{"count":1,"href":"https:\/\/jms.com.bo\/mediamonitor\/wp-json\/wp\/v2\/posts\/83255\/revisions"}],"predecessor-version":[{"id":83257,"href":"https:\/\/jms.com.bo\/mediamonitor\/wp-json\/wp\/v2\/posts\/83255\/revisions\/83257"}],"wp:featuredmedia":[{"embeddable":true,"href":"https:\/\/jms.com.bo\/mediamonitor\/wp-json\/wp\/v2\/media\/83256"}],"wp:attachment":[{"href":"https:\/\/jms.com.bo\/mediamonitor\/wp-json\/wp\/v2\/media?parent=83255"}],"wp:term":[{"taxonomy":"category","embeddable":true,"href":"https:\/\/jms.com.bo\/mediamonitor\/wp-json\/wp\/v2\/categories?post=83255"},{"taxonomy":"post_tag","embeddable":true,"href":"https:\/\/jms.com.bo\/mediamonitor\/wp-json\/wp\/v2\/tags?post=83255"}],"curies":[{"name":"wp","href":"https:\/\/api.w.org\/{rel}","templated":true}]}}