{"id":83311,"date":"2026-01-07T07:41:33","date_gmt":"2026-01-07T11:41:33","guid":{"rendered":"https:\/\/mediamonitorbo.com.bo\/?p=16168"},"modified":"2026-01-07T07:41:33","modified_gmt":"2026-01-07T11:41:33","slug":"suman-13-los-puntos-de-bloqueo-en-carreteras-segun-la-abc","status":"publish","type":"post","link":"https:\/\/jms.com.bo\/mediamonitor\/2026\/01\/07\/suman-13-los-puntos-de-bloqueo-en-carreteras-segun-la-abc\/","title":{"rendered":"Suman 13 los puntos de bloqueo en carreteras, seg\u00fan la ABC"},"content":{"rendered":"<p style=\"text-align: justify\">Los puntos de bloqueo, instalados por distintas organizaciones sociales en algunas carreteras del pa\u00eds, aumentaron en las \u00faltimas horas.<\/p>\n<p style=\"text-align: justify\">De acuerdo con el mapa de transitabilidad de la Administradora Boliviana de Carreteras (ABC), actualizado hasta las 07:14 de este mi\u00e9rcoles, hay 13 puntos de bloqueos.<\/p>\n<p style=\"text-align: justify\">La mayor\u00eda de los bloqueos est\u00e1n ubicados en el departamento de La Paz con ocho puntos de conflicto.<\/p>\n<p style=\"text-align: justify\">En esa regi\u00f3n del occidente boliviano est\u00e1n bloqueadas las principales carreteras que conectan la sede de gobierno con Copacabana, Desaguadero y Oruro.<\/p>\n<p style=\"text-align: justify\">Tambi\u00e9n hay otros puntos de bloqueo instalados en determinadas avenidas de El Alto, que son el acceso a algunas de esas carreteras.<\/p>\n<p style=\"text-align: justify\">El segundo departamento afectado por bloqueos de rutas es Pando, donde se mantienen cuatro sitios de conflicto. Adem\u00e1s, existe otro punto de bloqueo en Potos\u00ed.<\/p>\n<p style=\"text-align: justify\">En el caso del occidente, los bloqueos son en demanda de la abrogaci\u00f3n del Decreto Supremo 5503 que, entre otras medidas econ\u00f3micas, levant\u00f3 la subvenci\u00f3n a los hidrocarburos.<\/p>\n<p style=\"text-align: justify\">Este bloqueo indefinido de carreteras, que se cumple desde el martes, 6 de enero, fue declarado por la Central Obrera Boliviana (COB), que impulsa una serie de acciones en contra del cuestionado decreto.<\/p>\n<p style=\"text-align: justify\">Mientras que en el departamento de Pando, se conoce que la protesta es por otras demandas sectoriales de los campesinos.<\/p>\n","protected":false},"excerpt":{"rendered":"<p>Los puntos de bloqueo, instalados por distintas organizaciones sociales en algunas carreteras del pa\u00eds, aumentaron en las \u00faltimas horas. De acuerdo con el mapa de transitabilidad de la Administradora Boliviana de Carreteras (ABC), actualizado hasta las 07:14 de este mi\u00e9rcoles, hay 13 puntos de bloqueos. La mayor\u00eda de los bloqueos est\u00e1n ubicados en el departamento [&hellip;]<\/p>\n","protected":false},"author":1,"featured_media":83312,"comment_status":"closed","ping_status":"open","sticky":false,"template":"","format":"standard","meta":{"footnotes":""},"categories":[49],"tags":[],"class_list":{"0":"post-83311","1":"post","2":"type-post","3":"status-publish","4":"format-standard","5":"has-post-thumbnail","7":"category-social"},"_links":{"self":[{"href":"https:\/\/jms.com.bo\/mediamonitor\/wp-json\/wp\/v2\/posts\/83311","targetHints":{"allow":["GET"]}}],"collection":[{"href":"https:\/\/jms.com.bo\/mediamonitor\/wp-json\/wp\/v2\/posts"}],"about":[{"href":"https:\/\/jms.com.bo\/mediamonitor\/wp-json\/wp\/v2\/types\/post"}],"author":[{"embeddable":true,"href":"https:\/\/jms.com.bo\/mediamonitor\/wp-json\/wp\/v2\/users\/1"}],"replies":[{"embeddable":true,"href":"https:\/\/jms.com.bo\/mediamonitor\/wp-json\/wp\/v2\/comments?post=83311"}],"version-history":[{"count":0,"href":"https:\/\/jms.com.bo\/mediamonitor\/wp-json\/wp\/v2\/posts\/83311\/revisions"}],"wp:featuredmedia":[{"embeddable":true,"href":"https:\/\/jms.com.bo\/mediamonitor\/wp-json\/wp\/v2\/media\/83312"}],"wp:attachment":[{"href":"https:\/\/jms.com.bo\/mediamonitor\/wp-json\/wp\/v2\/media?parent=83311"}],"wp:term":[{"taxonomy":"category","embeddable":true,"href":"https:\/\/jms.com.bo\/mediamonitor\/wp-json\/wp\/v2\/categories?post=83311"},{"taxonomy":"post_tag","embeddable":true,"href":"https:\/\/jms.com.bo\/mediamonitor\/wp-json\/wp\/v2\/tags?post=83311"}],"curies":[{"name":"wp","href":"https:\/\/api.w.org\/{rel}","templated":true}]}}