{"id":83313,"date":"2026-01-08T07:19:47","date_gmt":"2026-01-08T11:19:47","guid":{"rendered":"https:\/\/mediamonitorbo.com.bo\/?p=16173"},"modified":"2026-01-08T07:19:47","modified_gmt":"2026-01-08T11:19:47","slug":"fesirmes-anuncia-paro-escalonado-en-hospitales-de-segundo-nivel-por-sueldos-impagos","status":"publish","type":"post","link":"https:\/\/jms.com.bo\/mediamonitor\/2026\/01\/08\/fesirmes-anuncia-paro-escalonado-en-hospitales-de-segundo-nivel-por-sueldos-impagos\/","title":{"rendered":"Fesirmes anuncia paro escalonado en hospitales de segundo nivel por sueldos impagos"},"content":{"rendered":"<p style=\"text-align: justify\">Tras un ampliado departamental en el que participaron las cuatro redes de salud, la Federaci\u00f3n de Sindicatos de Ramas M\u00e9dicas de Salud (Fesirmes) determin\u00f3 asumir un paro escalonado en los hospitales de hasta segundo nivel, como medida de presi\u00f3n para exigir a la Alcald\u00eda el pago de sueldos adeudados, entre otras demandas del sector. Los paros escalonados empezar\u00edan desde el martes 13 de enero.<\/p>\n<p style=\"text-align: justify\">\u00abHoy se cumplen las 24 horas que le dijimos el d\u00eda lunes. De ah\u00ed en adelante, el d\u00eda martes vamos a seguir con 48 horas para que el alcalde empiece a hacer la cancelaci\u00f3n de los sueldos\u00bb, explic\u00f3 el Dr. Evert Pati\u00f1o, secretario de conflictos de Fesirmes. Adelant\u00f3 que la medida puede llegar a realizarse durante 120 horas, es decir, cinco d\u00edas sin atenci\u00f3n en los hospitales de segundo nivel.<\/p>\n<p style=\"text-align: justify\">La demanda dirigida al alcalde Jhonny Fern\u00e1ndez no se limita al pago de los sueldos adeudados, sino que tambi\u00e9n exige garantizar a los profesionales en salud el acceso a la atenci\u00f3n en la Caja Nacional de Salud (CNS), el pago del subsidio, mayor seguridad en los hospitales y condiciones laborales adecuadas para el ejercicio pleno de sus funciones.<\/p>\n<p style=\"text-align: justify\">Exigencias<br \/>\n\u00abLe exigimos al alcalde cumpla un derecho constitucional y un derecho laboral que es la cancelaci\u00f3n de los sueldos y salarios de cuatro meses de colegas profesionales de \u00edtem y m\u00e1s de dos meses de colegas profesionales tambi\u00e9n con el tema de contratos municipales. Y no s\u00f3lo somos nosotros, hoy lleva adelante los trabajadores en salud un paro y tambi\u00e9n es justo, est\u00e1n en lo legal y lo leg\u00edtimo, porque tambi\u00e9n est\u00e1n exigiendo este cumplimiento de este derecho\u00bb, inform\u00f3 el Pati\u00f1o.<\/p>\n<p style=\"text-align: justify\">Calific\u00f3 a la situaci\u00f3n como \u00abinsostenible\u00bb, tanto para los profesionales como para los trabajadores.<\/p>\n<p style=\"text-align: justify\">Adem\u00e1s, lament\u00f3 que la Alcald\u00eda s\u00f3lo brinde medicamentos, cuando a\u00fan hay otros problemas que deben ser subsanados en el sistema de salud, como los insumos, los recursos humanos, los equipamientos y la infraestructura.<\/p>\n<p style=\"text-align: justify\">\u00abNo tenemos ni gendarmes, ni guardias de seguridad en ninguno de los hospitales de primer y segundo nivel. Se ha hecho denuncia de m\u00e1s de 40 robos en el hospital de La Pampa: robaron insumos de movilidades. Inclusivo, ingresan a los hospitales a agredir al personal de salud como lo hacen en el hospital de La Villa. Eso es insostenible, eso ya escapa los derechos establecidos por una constituci\u00f3n que debe resguardar nuestros derechos ante cualquier otra situaci\u00f3n\u00bb, lament\u00f3.<\/p>\n<p style=\"text-align: justify\">El sistema de salud atraviesa una situaci\u00f3n cr\u00edtica<br \/>\nDino Franco, segundo vicepresidente del Comit\u00e9 pro Santa Cruz, lament\u00f3 la situaci\u00f3n que atraviesan los pacientes, al se\u00f1alar que los hospitales operan con bajos recursos, falta de insumos y medicamentos, adem\u00e1s de deficientes condiciones de atenci\u00f3n. Asimismo, expres\u00f3 su preocupaci\u00f3n por el escenario que enfrentan los trabajadores y profesionales en salud.<\/p>\n<p style=\"text-align: justify\">\u00abNadie puede despu\u00e9s vivir sin sueldo. Necesitamos todo para poder seguir manteniendo nuestras familias, manteniendo las diferentes obligaciones que tenemos cada uno. Exigimos de esta manera al gobierno municipal, al alcalde que cumpla y que d\u00e9 la cara ante la situaci\u00f3n que se est\u00e1 viviendo. Vamos a estar pendientes de todo lo que est\u00e1 pasando y buscando la forma ya inmediatamente de poder colaborar para que se pueda dar soluciones y el apoyo a esta instituci\u00f3n\u00bb, expres\u00f3 en solidaridad con el sector.<\/p>\n","protected":false},"excerpt":{"rendered":"<p>Tras un ampliado departamental en el que participaron las cuatro redes de salud, la Federaci\u00f3n de Sindicatos de Ramas M\u00e9dicas de Salud (Fesirmes) determin\u00f3 asumir un paro escalonado en los hospitales de hasta segundo nivel, como medida de presi\u00f3n para exigir a la Alcald\u00eda el pago de sueldos adeudados, entre otras demandas del sector. Los [&hellip;]<\/p>\n","protected":false},"author":1,"featured_media":83314,"comment_status":"closed","ping_status":"open","sticky":false,"template":"","format":"standard","meta":{"footnotes":""},"categories":[49],"tags":[],"class_list":{"0":"post-83313","1":"post","2":"type-post","3":"status-publish","4":"format-standard","5":"has-post-thumbnail","7":"category-social"},"_links":{"self":[{"href":"https:\/\/jms.com.bo\/mediamonitor\/wp-json\/wp\/v2\/posts\/83313","targetHints":{"allow":["GET"]}}],"collection":[{"href":"https:\/\/jms.com.bo\/mediamonitor\/wp-json\/wp\/v2\/posts"}],"about":[{"href":"https:\/\/jms.com.bo\/mediamonitor\/wp-json\/wp\/v2\/types\/post"}],"author":[{"embeddable":true,"href":"https:\/\/jms.com.bo\/mediamonitor\/wp-json\/wp\/v2\/users\/1"}],"replies":[{"embeddable":true,"href":"https:\/\/jms.com.bo\/mediamonitor\/wp-json\/wp\/v2\/comments?post=83313"}],"version-history":[{"count":0,"href":"https:\/\/jms.com.bo\/mediamonitor\/wp-json\/wp\/v2\/posts\/83313\/revisions"}],"wp:featuredmedia":[{"embeddable":true,"href":"https:\/\/jms.com.bo\/mediamonitor\/wp-json\/wp\/v2\/media\/83314"}],"wp:attachment":[{"href":"https:\/\/jms.com.bo\/mediamonitor\/wp-json\/wp\/v2\/media?parent=83313"}],"wp:term":[{"taxonomy":"category","embeddable":true,"href":"https:\/\/jms.com.bo\/mediamonitor\/wp-json\/wp\/v2\/categories?post=83313"},{"taxonomy":"post_tag","embeddable":true,"href":"https:\/\/jms.com.bo\/mediamonitor\/wp-json\/wp\/v2\/tags?post=83313"}],"curies":[{"name":"wp","href":"https:\/\/api.w.org\/{rel}","templated":true}]}}