{"id":83336,"date":"2026-01-08T07:36:58","date_gmt":"2026-01-08T11:36:58","guid":{"rendered":"https:\/\/mediamonitorbo.com.bo\/?p=16203"},"modified":"2026-01-08T07:36:58","modified_gmt":"2026-01-08T11:36:58","slug":"binomio-velasco-aguirre-toma-la-reivindicacion-autonomica-como-bandera-de-campana-electoral","status":"publish","type":"post","link":"https:\/\/jms.com.bo\/mediamonitor\/2026\/01\/08\/binomio-velasco-aguirre-toma-la-reivindicacion-autonomica-como-bandera-de-campana-electoral\/","title":{"rendered":"Binomio Velasco &#8211; Aguirre toma la reivindicaci\u00f3n auton\u00f3mica como bandera de campa\u00f1a electoral"},"content":{"rendered":"<p style=\"text-align: justify\">El binomio Juan Pablo Velasco y Paola Aguirre, que Alianza Libre postula a la Gobernaci\u00f3n de Santa Cruz, ha tomado la reivindicaci\u00f3n auton\u00f3mica como bandera de campa\u00f1a, rumbo a las elecciones subnacionales previstas para el 22 de marzo pr\u00f3ximo.<\/p>\n<p style=\"text-align: justify\">Para los candidatos, la Gobernaci\u00f3n cruce\u00f1a no ejerce una verdadera autonom\u00eda ni de manera externa ni mucho menos de manera interna. Criticaron el rol de los subgobernadores y observaron \u00abel silencio\u00bb en algunos temas puntuales. Las declaraciones fueron vertidas en el marco del programa YO ELIJO, que se difunde por el canal ED24 de EL DEBER, la noche de este mi\u00e9rcoles.<\/p>\n<p style=\"text-align: justify\">\u00abEl gran problema es que se est\u00e1 empezando a normalizar el d\u00e9ficit institucional presupuestario de la Gobernaci\u00f3n (de Santa Cruz). Y debo decirlo, veo una gobernaci\u00f3n absolutamente silenciada. No podemos tener una gobernaci\u00f3n cuyos subgobernadores solamente funcionan en una oficina con su secretaria y sin ning\u00fan tipo de servicio activo prestado al ciudadano y no decir absolutamente nada\u00bb, dispar\u00f3 Aguirre.<\/p>\n<p style=\"text-align: justify\">La tambi\u00e9n asamble\u00edsta augur\u00f3 que, de seguir esta tendencia, la gobernaci\u00f3n terminar\u00e1 siendo una instituci\u00f3n \u00aben quiebra\u00bb, a la que los recursos que le lleguen \u00absolamente van a alcanzar para pagar sueldos y salarios. Debe ser una instituci\u00f3n bur\u00f3crata sin un servicio real al ciudadano\u00bb.<\/p>\n<p style=\"text-align: justify\">A su turno, Velasco resalt\u00f3 que \u00abhay muchos subgobernadores que no viven en la provincia, que viven ac\u00e1, en la capital cruce\u00f1a. Sabemos que hay muchos subgobernadores, todos en realidad puestos a dedo. \u00bfPor qu\u00e9 tiene que ser as\u00ed? Al final del d\u00eda, hoy por hoy, los subgobernadores est\u00e1n siendo actores pol\u00edticos, est\u00e1n siendo simplemente asesores para mantener su plancha pol\u00edtica en la provincia. Al final del d\u00eda, se ha vuelto un puesto pol\u00edtico, no un puesto de ejecuci\u00f3n\u00bb.<\/p>\n<p style=\"text-align: justify\">Estos aspectos es lo que ambos candidatos plantean modificar, para que las subgobernaciones sean oficinas operativas que respondan a las necesidades de la poblaci\u00f3n.<\/p>\n<p style=\"text-align: justify\">A ello, se suma el rol &#8216;administrativo&#8217; que ejerce la Gobernaci\u00f3n en aspectos como seguridad ciudadana. \u00abLa gobernaci\u00f3n cruce\u00f1a no tiene tuici\u00f3n absoluta para decidir nada sobre pol\u00edticas de seguridad ciudadana respecto a la c\u00e1rcel de Palmasola. Sin embargo, es la encargada de erogar todos los a\u00f1os m\u00e1s de Bs 40 millones para los prediarios de los presos. Es decir, hay una autonom\u00eda distorsionada, por eso hay que adoptar medidas para reformas estructurales\u00bb, apunt\u00f3 Aguirre.<\/p>\n<p style=\"text-align: justify\">En otras palabras, para la asamble\u00edsta, \u00abtenemos autonom\u00eda centralizada. Y no solamente por su funcionamiento operativo, sino tambi\u00e9n y principalmente porque el anhelo auton\u00f3mico que se gesta desde las regiones, principalmente desde el Departamento de Santa Cruz, fue h\u00e1bilmente distorsionado en el texto constitucional. Entonces, el modelo normativo desarrollado a partir del texto constitucional no es el problema, el problema es la Constituci\u00f3n (Pol\u00edtica del Estado) misma\u00bb.<\/p>\n","protected":false},"excerpt":{"rendered":"<p>El binomio Juan Pablo Velasco y Paola Aguirre, que Alianza Libre postula a la Gobernaci\u00f3n de Santa Cruz, ha tomado la reivindicaci\u00f3n auton\u00f3mica como bandera de campa\u00f1a, rumbo a las elecciones subnacionales previstas para el 22 de marzo pr\u00f3ximo. Para los candidatos, la Gobernaci\u00f3n cruce\u00f1a no ejerce una verdadera autonom\u00eda ni de manera externa ni [&hellip;]<\/p>\n","protected":false},"author":1,"featured_media":83337,"comment_status":"closed","ping_status":"open","sticky":false,"template":"","format":"standard","meta":{"footnotes":""},"categories":[18],"tags":[],"class_list":{"0":"post-83336","1":"post","2":"type-post","3":"status-publish","4":"format-standard","5":"has-post-thumbnail","7":"category-politica"},"_links":{"self":[{"href":"https:\/\/jms.com.bo\/mediamonitor\/wp-json\/wp\/v2\/posts\/83336","targetHints":{"allow":["GET"]}}],"collection":[{"href":"https:\/\/jms.com.bo\/mediamonitor\/wp-json\/wp\/v2\/posts"}],"about":[{"href":"https:\/\/jms.com.bo\/mediamonitor\/wp-json\/wp\/v2\/types\/post"}],"author":[{"embeddable":true,"href":"https:\/\/jms.com.bo\/mediamonitor\/wp-json\/wp\/v2\/users\/1"}],"replies":[{"embeddable":true,"href":"https:\/\/jms.com.bo\/mediamonitor\/wp-json\/wp\/v2\/comments?post=83336"}],"version-history":[{"count":0,"href":"https:\/\/jms.com.bo\/mediamonitor\/wp-json\/wp\/v2\/posts\/83336\/revisions"}],"wp:featuredmedia":[{"embeddable":true,"href":"https:\/\/jms.com.bo\/mediamonitor\/wp-json\/wp\/v2\/media\/83337"}],"wp:attachment":[{"href":"https:\/\/jms.com.bo\/mediamonitor\/wp-json\/wp\/v2\/media?parent=83336"}],"wp:term":[{"taxonomy":"category","embeddable":true,"href":"https:\/\/jms.com.bo\/mediamonitor\/wp-json\/wp\/v2\/categories?post=83336"},{"taxonomy":"post_tag","embeddable":true,"href":"https:\/\/jms.com.bo\/mediamonitor\/wp-json\/wp\/v2\/tags?post=83336"}],"curies":[{"name":"wp","href":"https:\/\/api.w.org\/{rel}","templated":true}]}}