{"id":83338,"date":"2026-01-08T07:38:07","date_gmt":"2026-01-08T11:38:07","guid":{"rendered":"https:\/\/mediamonitorbo.com.bo\/?p=16206"},"modified":"2026-01-08T07:38:07","modified_gmt":"2026-01-08T11:38:07","slug":"ministro-de-medio-ambiente-admite-que-no-conoce-la-situacion-de-tariquia-y-evita-hablar-del-tema","status":"publish","type":"post","link":"https:\/\/jms.com.bo\/mediamonitor\/2026\/01\/08\/ministro-de-medio-ambiente-admite-que-no-conoce-la-situacion-de-tariquia-y-evita-hablar-del-tema\/","title":{"rendered":"Ministro de Medio Ambiente admite que no conoce la situaci\u00f3n de Tariqu\u00eda y evita hablar del tema"},"content":{"rendered":"<p style=\"text-align: justify\">En medio de una campa\u00f1a de defensa de Tariquia, el ministro de Planificaci\u00f3n del Desarrollo y Medio Ambiente, Jos\u00e9 Romero, admiti\u00f3 que no conoce sobre la situaci\u00f3n de esa Reserva Nacional y evit\u00f3 referirse al tema.<\/p>\n<p style=\"text-align: justify\">Tras la denuncia del inicio de actividades de la empresa Petrobras en Tariquia, cientos de ciudadanos comenzaron a reclamar la protecci\u00f3n de esa reserva natural. En redes sociales se masific\u00f3 una campa\u00f1a de protecci\u00f3n de ese espacio para los animales silvestres, como el jaguar.<\/p>\n<p style=\"text-align: justify\">El lunes, la Polic\u00eda escolt\u00f3 a veh\u00edculos que transportaban al personal de Petrobras para que inicien con la fase exploratoria del pozo Domo Oso X3 (DMO-X3), en el \u00e1rea San Telmo Norte, dentro de la Reserva Nacional ubicada en Tarija.<\/p>\n<p style=\"text-align: justify\">\u201cHabr\u00e1 que ver el tema de Tariquia en qu\u00e9 situaci\u00f3n exacta est\u00e1. Quisiera pasar la pregunta sobre este tema porque realmente no conozco la situaci\u00f3n en toda su complejidad\u201d, dijo el ministro de Medio Ambiente ayer.<\/p>\n<p style=\"text-align: justify\">En septiembre del a\u00f1o pasado, las comunidades ind\u00edgenas de Tariquia realizaron un encuentro donde rechazaron la actividad petrolera dentro de los l\u00edmites de la reserva.<\/p>\n<p style=\"text-align: justify\">Activistas convocaron a una marcha de protesta en defensa de Tariquia para esta jornada. El llamado se hizo viral en redes sociales y se prev\u00e9 que una concentraci\u00f3n en el frontis de la Iglesia San Roque, de la ciudad de Tarija, a las 18.00.<\/p>\n<p style=\"text-align: justify\">Comunarios de la Reserva Nacional recordaron que el presidente Rodrigo Paz se comprometi\u00f3 en 2019 a defender esa \u00e1rea protegida del ingreso de las empresas petroleras para la exploraci\u00f3n gas\u00edfera. Ese compromiso tambi\u00e9n se ratific\u00f3 el a\u00f1o pasado cuando era candidato presidencial.<\/p>\n","protected":false},"excerpt":{"rendered":"<p>En medio de una campa\u00f1a de defensa de Tariquia, el ministro de Planificaci\u00f3n del Desarrollo y Medio Ambiente, Jos\u00e9 Romero, admiti\u00f3 que no conoce sobre la situaci\u00f3n de esa Reserva Nacional y evit\u00f3 referirse al tema. Tras la denuncia del inicio de actividades de la empresa Petrobras en Tariquia, cientos de ciudadanos comenzaron a reclamar [&hellip;]<\/p>\n","protected":false},"author":1,"featured_media":83339,"comment_status":"closed","ping_status":"open","sticky":false,"template":"","format":"standard","meta":{"footnotes":""},"categories":[18],"tags":[],"class_list":{"0":"post-83338","1":"post","2":"type-post","3":"status-publish","4":"format-standard","5":"has-post-thumbnail","7":"category-politica"},"_links":{"self":[{"href":"https:\/\/jms.com.bo\/mediamonitor\/wp-json\/wp\/v2\/posts\/83338","targetHints":{"allow":["GET"]}}],"collection":[{"href":"https:\/\/jms.com.bo\/mediamonitor\/wp-json\/wp\/v2\/posts"}],"about":[{"href":"https:\/\/jms.com.bo\/mediamonitor\/wp-json\/wp\/v2\/types\/post"}],"author":[{"embeddable":true,"href":"https:\/\/jms.com.bo\/mediamonitor\/wp-json\/wp\/v2\/users\/1"}],"replies":[{"embeddable":true,"href":"https:\/\/jms.com.bo\/mediamonitor\/wp-json\/wp\/v2\/comments?post=83338"}],"version-history":[{"count":0,"href":"https:\/\/jms.com.bo\/mediamonitor\/wp-json\/wp\/v2\/posts\/83338\/revisions"}],"wp:featuredmedia":[{"embeddable":true,"href":"https:\/\/jms.com.bo\/mediamonitor\/wp-json\/wp\/v2\/media\/83339"}],"wp:attachment":[{"href":"https:\/\/jms.com.bo\/mediamonitor\/wp-json\/wp\/v2\/media?parent=83338"}],"wp:term":[{"taxonomy":"category","embeddable":true,"href":"https:\/\/jms.com.bo\/mediamonitor\/wp-json\/wp\/v2\/categories?post=83338"},{"taxonomy":"post_tag","embeddable":true,"href":"https:\/\/jms.com.bo\/mediamonitor\/wp-json\/wp\/v2\/tags?post=83338"}],"curies":[{"name":"wp","href":"https:\/\/api.w.org\/{rel}","templated":true}]}}