{"id":83340,"date":"2026-01-08T07:39:58","date_gmt":"2026-01-08T11:39:58","guid":{"rendered":"https:\/\/mediamonitorbo.com.bo\/?p=16209"},"modified":"2026-01-08T07:39:58","modified_gmt":"2026-01-08T11:39:58","slug":"fiscal-general-observa-proposicion-acusatoria-contra-el-vicepresidente","status":"publish","type":"post","link":"https:\/\/jms.com.bo\/mediamonitor\/2026\/01\/08\/fiscal-general-observa-proposicion-acusatoria-contra-el-vicepresidente\/","title":{"rendered":"Fiscal General observa proposici\u00f3n acusatoria contra el Vicepresidente"},"content":{"rendered":"<p style=\"text-align: justify\">El fiscal general del Estado, Roger Mariaca, observ\u00f3 este mi\u00e9rcoles la proposici\u00f3n acusatoria presentada contra el vicepresidente Edmand Lara por los presuntos delitos de uso indebido de influencias y concusi\u00f3n, y dio un plazo de 24 horas para subsanar las observaciones.<\/p>\n<p style=\"text-align: justify\">\u201c(\u2026) Lo que a los efectos de asumir la decisi\u00f3n que corresponda en el marco de un debido proceso, y conforme a lo previsto en el Art. 55 precitado, se dispone observar la presente proposici\u00f3n acusatoria, otorgando un plazo de 24 horas para que el proponente subsane las observaciones se\u00f1aladas\u201d, se\u00f1ala el pronunciamiento de la m\u00e1xima autoridad del Ministerio P\u00fablico.<\/p>\n<p style=\"text-align: justify\">El martes, el activista Peter Erlwein Beckhauser present\u00f3 una proposici\u00f3n acusatoria contra Lara y seg\u00fan la denuncia, el Vicepresidente habr\u00eda realizado llamadas a ministros y viceministros para exigir espacios dentro del Gobierno, vali\u00e9ndose de su investidura.<\/p>\n<p style=\"text-align: justify\">Adem\u00e1s, seg\u00fan el activista, Lara habr\u00eda recibido 10.000 juguetes que, seg\u00fan su denuncia, provendr\u00edan del contrabando de oro de empresas chinas.<\/p>\n<p style=\"text-align: justify\">En el documento, Mariaca record\u00f3 que Ley Org\u00e1nica del Ministerio P\u00fablico establece que los fiscales podr\u00e1n desestimar denuncias escritas \u201cen las que el hecho sea at\u00edpico, de persecuci\u00f3n penal privada, no cumpla requisitos legales pertinentes, no exista una relaci\u00f3n f\u00e1ctica clara o no existan los elementos necesarios para tomar una decisi\u00f3n\u201d.<\/p>\n<p style=\"text-align: justify\">Seg\u00fan el pronunciamiento, la denuncia se sustenta en publicaciones period\u00edsticas y declaraciones difundidas en medios de comunicaci\u00f3n, que, tras la revisi\u00f3n del memorial, el Fiscal General determin\u00f3 que no se cumple con los requisitos legales exigidos para este tipo de procesos de privilegio constitucional.<\/p>\n<p style=\"text-align: justify\">En el documento, Mariaca se\u00f1al\u00f3 que la denuncia carece de una relaci\u00f3n f\u00e1ctica clara que describa con precisi\u00f3n las circunstancias de modo, tiempo y lugar en las que se habr\u00edan cometido los hechos denunciados, limit\u00e1ndose a referencias gen\u00e9ricas provenientes de terceros y del \u00e1mbito medi\u00e1tico.<\/p>\n<p style=\"text-align: justify\">Asimismo, indic\u00f3 que el denunciante hace alusi\u00f3n a la supuesta recepci\u00f3n de d\u00e1divas por parte del Vicepresidente, consistentes en cargamentos de juguetes presentados como donaciones sociales, presuntamente entregados por ciudadanos de origen chino vinculados a miner\u00eda ilegal y tr\u00e1fico de oro. Sin embargo, el Fiscal General advirti\u00f3 que no existe una verificaci\u00f3n m\u00ednima sobre el origen de los bienes ni elementos probatorios que sustenten dichas afirmaciones.<\/p>\n<p style=\"text-align: justify\">Respecto al segundo grupo de hechos, relacionados con presuntas solicitudes de cargos laborales dentro de la Polic\u00eda Boliviana y la Fuerza Especial de Lucha Contra el Narcotr\u00e1fico (FELCN), la autoridad observ\u00f3 que se trata de acusaciones cruzadas difundidas en medios, sin un relato f\u00e1ctico estructurado que permita identificar una conducta penalmente relevante atribuible al Vicepresidente.<\/p>\n<p style=\"text-align: justify\">Asimismo, el Fiscal General advirti\u00f3 que no existe una adecuada vinculaci\u00f3n entre los hechos descritos y los tipos penales invocados.<\/p>\n","protected":false},"excerpt":{"rendered":"<p>El fiscal general del Estado, Roger Mariaca, observ\u00f3 este mi\u00e9rcoles la proposici\u00f3n acusatoria presentada contra el vicepresidente Edmand Lara por los presuntos delitos de uso indebido de influencias y concusi\u00f3n, y dio un plazo de 24 horas para subsanar las observaciones. \u201c(\u2026) Lo que a los efectos de asumir la decisi\u00f3n que corresponda en el [&hellip;]<\/p>\n","protected":false},"author":1,"featured_media":83341,"comment_status":"closed","ping_status":"open","sticky":false,"template":"","format":"standard","meta":{"footnotes":""},"categories":[18,48,46],"tags":[],"class_list":{"0":"post-83340","1":"post","2":"type-post","3":"status-publish","4":"format-standard","5":"has-post-thumbnail","7":"category-politica","8":"category-portada-general-sitio","9":"category-portada-politica"},"_links":{"self":[{"href":"https:\/\/jms.com.bo\/mediamonitor\/wp-json\/wp\/v2\/posts\/83340","targetHints":{"allow":["GET"]}}],"collection":[{"href":"https:\/\/jms.com.bo\/mediamonitor\/wp-json\/wp\/v2\/posts"}],"about":[{"href":"https:\/\/jms.com.bo\/mediamonitor\/wp-json\/wp\/v2\/types\/post"}],"author":[{"embeddable":true,"href":"https:\/\/jms.com.bo\/mediamonitor\/wp-json\/wp\/v2\/users\/1"}],"replies":[{"embeddable":true,"href":"https:\/\/jms.com.bo\/mediamonitor\/wp-json\/wp\/v2\/comments?post=83340"}],"version-history":[{"count":0,"href":"https:\/\/jms.com.bo\/mediamonitor\/wp-json\/wp\/v2\/posts\/83340\/revisions"}],"wp:featuredmedia":[{"embeddable":true,"href":"https:\/\/jms.com.bo\/mediamonitor\/wp-json\/wp\/v2\/media\/83341"}],"wp:attachment":[{"href":"https:\/\/jms.com.bo\/mediamonitor\/wp-json\/wp\/v2\/media?parent=83340"}],"wp:term":[{"taxonomy":"category","embeddable":true,"href":"https:\/\/jms.com.bo\/mediamonitor\/wp-json\/wp\/v2\/categories?post=83340"},{"taxonomy":"post_tag","embeddable":true,"href":"https:\/\/jms.com.bo\/mediamonitor\/wp-json\/wp\/v2\/tags?post=83340"}],"curies":[{"name":"wp","href":"https:\/\/api.w.org\/{rel}","templated":true}]}}