{"id":83342,"date":"2026-01-08T07:41:35","date_gmt":"2026-01-08T11:41:35","guid":{"rendered":"https:\/\/mediamonitorbo.com.bo\/?p=16212"},"modified":"2026-01-08T07:41:35","modified_gmt":"2026-01-08T11:41:35","slug":"plantean-aplicar-formula-para-reajuste-de-precios","status":"publish","type":"post","link":"https:\/\/jms.com.bo\/mediamonitor\/2026\/01\/08\/plantean-aplicar-formula-para-reajuste-de-precios\/","title":{"rendered":"Plantean aplicar f\u00f3rmula para reajuste de precios"},"content":{"rendered":"<p style=\"text-align: justify\">Ante los constantes incrementos de precios que hacen variar los presupuestos iniciales de las empresas ejecutoras de obras p\u00fablicas, la C\u00e1mara Boliviana de la Construcci\u00f3n (Caboco) plante\u00f3 al Gobierno central la aplicaci\u00f3n de la \u201cf\u00f3rmula polin\u00f3mica\u201d, as\u00ed como se utiliza en otros pa\u00edses y por organismos multilaterales de financiamiento.<\/p>\n<p style=\"text-align: justify\">Este fue el tema central de la cita entre la Caboco, sus filiales de los nueve departamentos y el ministro de Obras P\u00fablicas, Servicios y Vivienda, Mauricio Zamora, el pasado martes en La Paz.<\/p>\n<p style=\"text-align: justify\">Por Chuquisaca particip\u00f3 el presidente de la Cadeco, Samuel Torres, quien inform\u00f3 que durante el encuentro se plante\u00f3 propuestas t\u00e9cnicas para reactivar al sector, entre las que destaca la urgencia de un Decreto Transitorio de Reajuste de Precios para las obras p\u00fablicas.<\/p>\n<p style=\"text-align: justify\">\u201cEl tema del reajuste de precios de los materiales nos preocupa mucho, porque la escalada de precios indiscriminada y a libre albedr\u00edo de cada proveedor est\u00e1 haciendo que nosotros, como constructores, no podamos mover precios sin documentaci\u00f3n previa y aprobaci\u00f3n mediante supervisi\u00f3n, fiscalizaci\u00f3n y la MAE del proyecto. Entonces para nosotros es bien complicado operar en este momento\u201d, remarc\u00f3.<\/p>\n<p style=\"text-align: justify\">Torres explic\u00f3 que junto con su entidad matriz elaboraron un documento de Decreto Supremo de reactivaci\u00f3n econ\u00f3mica respecto al reajuste de precios, \u201cque es justo y necesario para poder seguir trabajando en el pa\u00eds\u201d.<\/p>\n<p style=\"text-align: justify\">La Caboco viene de lidiar con la falta de divisas, que obliga a obtenerlas a un precio superior en el mercado paralelo con respecto a la cotizaci\u00f3n oficial, pero ahora tambi\u00e9n debe enfrentar las consecuencias de la eliminaci\u00f3n de la subvenci\u00f3n del combustible.<\/p>\n<p style=\"text-align: justify\">\u201cLa eliminaci\u00f3n de la subvenci\u00f3n a los carburantes ha ocasionado que haya una escalada exponencial en el precio de los insumos en cuanto a material de construcci\u00f3n y tambi\u00e9n mano de obra\u201d, sostuvo el representante de los constructores de Chuquisaca.<\/p>\n<p style=\"text-align: justify\">Ante tal situaci\u00f3n, el sector se ve imposibilitado de seguir construyendo, \u201cpuesto que los proveedores han subido precios a su libro albedr\u00edo y han duplicado y hasta triplicado los insumos en algunos casos, lo cual afecta directamente a nuestros gastos y ya estar\u00edamos entrando en p\u00e9rdida\u201d, insisti\u00f3.<\/p>\n<p style=\"text-align: justify\">Anteriormente, la Caboco solicit\u00f3 \u201cuna paralizaci\u00f3n temporal\u201d en la ejecuci\u00f3n de las obras p\u00fablicas hasta que la situaci\u00f3n se estabilice. En respuesta, el Gobierno pidi\u00f3 m\u00e1s bien acelerar la elaboraci\u00f3n del documento de reajuste de precios.<\/p>\n<p style=\"text-align: justify\">De ese modo, el pasado martes en una reuni\u00f3n con el Gobierno, los constructores presentaron la propuesta de decreto para el reajuste de precios de los materiales de la construcci\u00f3n.<\/p>\n<p style=\"text-align: justify\">\u201cAhora estamos esperando ser convocados a una nueva reuni\u00f3n con el Ministro de Econom\u00eda, como \u00f3rgano rector de las NB-SABS (Normas B\u00e1sicas del Sistema de Administraci\u00f3n de Bienes y Servicios), y poner en limpio ese documento para que sea lanzado por el Presidente como complemento al decreto 5503 (de emergencia econ\u00f3mica)\u201d, subray\u00f3 Torres.<\/p>\n<p style=\"text-align: justify\">F\u00d3RMULA<\/p>\n<p style=\"text-align: justify\">El presidente de la Cadeco Chuquisaca, Samuel Torres, explic\u00f3 que el reajuste de precios tiene que ser calculado mediante la f\u00f3rmula polin\u00f3mica que se usa por otros pa\u00edses, como Per\u00fa y M\u00e9xico, y organismos de cr\u00e9ditos, como CAF, BID y el Banco Mundial.<\/p>\n<p style=\"text-align: justify\">\u201cEsta f\u00f3rmula polin\u00f3mica hace referencia al precio del material en el momento de la adjudicaci\u00f3n y hace referencia al precio actual. Entonces se hace una divisi\u00f3n, se saca un factor de variaci\u00f3n y ese factor se aplica para los ajustes de precios\u201d, sostuvo.<\/p>\n<p style=\"text-align: justify\">En M\u00e9xico, la f\u00f3rmula polin\u00f3mica en obras p\u00fablicas se usa como una herramienta matem\u00e1tica que representa la estructura de costos de un presupuesto (mano de obra, materiales, equipos) para calcular el ajuste de precios (reajuste\/revisi\u00f3n) por inflaci\u00f3n durante la ejecuci\u00f3n del contrato en base a \u00edndices de precios oficiales para mantener el equilibrio econ\u00f3mico-financiero del contrato.<\/p>\n","protected":false},"excerpt":{"rendered":"<p>Ante los constantes incrementos de precios que hacen variar los presupuestos iniciales de las empresas ejecutoras de obras p\u00fablicas, la C\u00e1mara Boliviana de la Construcci\u00f3n (Caboco) plante\u00f3 al Gobierno central la aplicaci\u00f3n de la \u201cf\u00f3rmula polin\u00f3mica\u201d, as\u00ed como se utiliza en otros pa\u00edses y por organismos multilaterales de financiamiento. Este fue el tema central de [&hellip;]<\/p>\n","protected":false},"author":1,"featured_media":83343,"comment_status":"closed","ping_status":"open","sticky":false,"template":"","format":"standard","meta":{"footnotes":""},"categories":[25],"tags":[],"class_list":{"0":"post-83342","1":"post","2":"type-post","3":"status-publish","4":"format-standard","5":"has-post-thumbnail","7":"category-economia"},"_links":{"self":[{"href":"https:\/\/jms.com.bo\/mediamonitor\/wp-json\/wp\/v2\/posts\/83342","targetHints":{"allow":["GET"]}}],"collection":[{"href":"https:\/\/jms.com.bo\/mediamonitor\/wp-json\/wp\/v2\/posts"}],"about":[{"href":"https:\/\/jms.com.bo\/mediamonitor\/wp-json\/wp\/v2\/types\/post"}],"author":[{"embeddable":true,"href":"https:\/\/jms.com.bo\/mediamonitor\/wp-json\/wp\/v2\/users\/1"}],"replies":[{"embeddable":true,"href":"https:\/\/jms.com.bo\/mediamonitor\/wp-json\/wp\/v2\/comments?post=83342"}],"version-history":[{"count":0,"href":"https:\/\/jms.com.bo\/mediamonitor\/wp-json\/wp\/v2\/posts\/83342\/revisions"}],"wp:featuredmedia":[{"embeddable":true,"href":"https:\/\/jms.com.bo\/mediamonitor\/wp-json\/wp\/v2\/media\/83343"}],"wp:attachment":[{"href":"https:\/\/jms.com.bo\/mediamonitor\/wp-json\/wp\/v2\/media?parent=83342"}],"wp:term":[{"taxonomy":"category","embeddable":true,"href":"https:\/\/jms.com.bo\/mediamonitor\/wp-json\/wp\/v2\/categories?post=83342"},{"taxonomy":"post_tag","embeddable":true,"href":"https:\/\/jms.com.bo\/mediamonitor\/wp-json\/wp\/v2\/tags?post=83342"}],"curies":[{"name":"wp","href":"https:\/\/api.w.org\/{rel}","templated":true}]}}