{"id":83386,"date":"2026-01-09T07:31:35","date_gmt":"2026-01-09T11:31:35","guid":{"rendered":"https:\/\/mediamonitorbo.com.bo\/?p=16282"},"modified":"2026-01-09T07:31:35","modified_gmt":"2026-01-09T11:31:35","slug":"gobierno-dispone-techo-temporal-del-presupuesto-para-municipios-y-gobernaciones","status":"publish","type":"post","link":"https:\/\/jms.com.bo\/mediamonitor\/2026\/01\/09\/gobierno-dispone-techo-temporal-del-presupuesto-para-municipios-y-gobernaciones\/","title":{"rendered":"Gobierno dispone \u201ctecho temporal\u201d del presupuesto para municipios y gobernaciones"},"content":{"rendered":"<p style=\"text-align: justify\">El Ministerio de Econom\u00eda y Finanzas inform\u00f3 que se dispone temporalmente un l\u00edmite de compromisos de gasto del 20% para los gobiernos municipales, departamentales y el Gobierno central en atenci\u00f3n a la emergencia econ\u00f3mica, financiera, energ\u00e9tica y social en Bolivia, en el marco del DS 5503. Desde el Viceministerio de Autonom\u00edas, se aclar\u00f3 que no se trata de un recorte, sino de un techo presupuestario.<\/p>\n<p style=\"text-align: justify\">\u201cNo se est\u00e1 realizando ninguna reducci\u00f3n del presupuesto a los gobiernos ni departamentales ni municipales (\u2026) lo que ha hecho el Ministerio de Econom\u00eda es generar un techo temporal, solamente hasta que la Asamblea apruebe nuestro nuevo presupuesto en febrero, un techo temporal para que gasten el 20% de su recurso anual, si ustedes dividen los doce meses corresponde ese 20% hasta febrero\u201d, indic\u00f3 la autoridad.<\/p>\n<p style=\"text-align: justify\">De acuerdo al Ministerio de Econom\u00eda, el objetivo es velar por la seguridad financiera del sector p\u00fablico y que, excepcionalmente, previa evaluaci\u00f3n, habilitar\u00e1 un porcentaje superior al 20%.<\/p>\n<p style=\"text-align: justify\">\u201cConsiderando que los recursos p\u00fablicos son limitados, que se ha identificado un incremento de obligaciones de pago no atendidas y heredadas del anterior Gobierno y que adem\u00e1s debe cumplirse con los compromisos de gasto flexible, subvenciones y programas sociales, es necesario asumir medidas necesarias que permitan cumplir con los gastos prioritarios\u201d, dice el comunicado del Ministerio.<\/p>\n<p style=\"text-align: justify\">La medida fue rechazada por algunos gobiernos municipales y departamentales. El gobernador de La Paz, Santos Quispe, asever\u00f3 que esta disposici\u00f3n generar\u00e1 perjuicios en la ejecuci\u00f3n de obras.<\/p>\n","protected":false},"excerpt":{"rendered":"<p>El Ministerio de Econom\u00eda y Finanzas inform\u00f3 que se dispone temporalmente un l\u00edmite de compromisos de gasto del 20% para los gobiernos municipales, departamentales y el Gobierno central en atenci\u00f3n a la emergencia econ\u00f3mica, financiera, energ\u00e9tica y social en Bolivia, en el marco del DS 5503. Desde el Viceministerio de Autonom\u00edas, se aclar\u00f3 que no [&hellip;]<\/p>\n","protected":false},"author":1,"featured_media":83387,"comment_status":"closed","ping_status":"open","sticky":false,"template":"","format":"standard","meta":{"footnotes":""},"categories":[25],"tags":[],"class_list":{"0":"post-83386","1":"post","2":"type-post","3":"status-publish","4":"format-standard","5":"has-post-thumbnail","7":"category-economia"},"_links":{"self":[{"href":"https:\/\/jms.com.bo\/mediamonitor\/wp-json\/wp\/v2\/posts\/83386","targetHints":{"allow":["GET"]}}],"collection":[{"href":"https:\/\/jms.com.bo\/mediamonitor\/wp-json\/wp\/v2\/posts"}],"about":[{"href":"https:\/\/jms.com.bo\/mediamonitor\/wp-json\/wp\/v2\/types\/post"}],"author":[{"embeddable":true,"href":"https:\/\/jms.com.bo\/mediamonitor\/wp-json\/wp\/v2\/users\/1"}],"replies":[{"embeddable":true,"href":"https:\/\/jms.com.bo\/mediamonitor\/wp-json\/wp\/v2\/comments?post=83386"}],"version-history":[{"count":0,"href":"https:\/\/jms.com.bo\/mediamonitor\/wp-json\/wp\/v2\/posts\/83386\/revisions"}],"wp:featuredmedia":[{"embeddable":true,"href":"https:\/\/jms.com.bo\/mediamonitor\/wp-json\/wp\/v2\/media\/83387"}],"wp:attachment":[{"href":"https:\/\/jms.com.bo\/mediamonitor\/wp-json\/wp\/v2\/media?parent=83386"}],"wp:term":[{"taxonomy":"category","embeddable":true,"href":"https:\/\/jms.com.bo\/mediamonitor\/wp-json\/wp\/v2\/categories?post=83386"},{"taxonomy":"post_tag","embeddable":true,"href":"https:\/\/jms.com.bo\/mediamonitor\/wp-json\/wp\/v2\/tags?post=83386"}],"curies":[{"name":"wp","href":"https:\/\/api.w.org\/{rel}","templated":true}]}}