{"id":83388,"date":"2026-01-09T07:33:19","date_gmt":"2026-01-09T11:33:19","guid":{"rendered":"https:\/\/mediamonitorbo.com.bo\/?p=16285"},"modified":"2026-01-09T07:33:19","modified_gmt":"2026-01-09T11:33:19","slug":"latinoamerica-crecera-23-en-2026-con-desempenos-dispares-entre-paises-segun-la-onu","status":"publish","type":"post","link":"https:\/\/jms.com.bo\/mediamonitor\/2026\/01\/09\/latinoamerica-crecera-23-en-2026-con-desempenos-dispares-entre-paises-segun-la-onu\/","title":{"rendered":"Latinoam\u00e9rica crecer\u00e1 2,3 % en 2026, con desempe\u00f1os dispares entre pa\u00edses, seg\u00fan la ONU"},"content":{"rendered":"<p style=\"text-align: justify\">El \u00e1rea de Latinoam\u00e9rica y el Caribe crecer\u00e1 un 2,3 % en 2026 y un 2,5 % en 2027, aunque con una evoluci\u00f3n heterog\u00e9nea, condicionada por restricciones fiscales internas y por un entorno externo m\u00e1s adverso, seg\u00fan el informe Situaci\u00f3n y Perspectivas de la Econom\u00eda Mundial 2026 de Naciones Unidas.<\/p>\n<p style=\"text-align: justify\">La ONU ha elevado una d\u00e9cima, hasta el 2,3 %, la previsi\u00f3n para 2026 respecto al pron\u00f3stico del informe anterior, y ha mejorado cuatro d\u00e9cimas la de 2025, hasta el 2,4 %.<\/p>\n<p style=\"text-align: justify\">Seg\u00fan Naciones Unidas, el crecimiento repuntar\u00e1 hasta el 2,5 % en 2027, impulsado por el consumo privado y una recuperaci\u00f3n gradual de la inversi\u00f3n.<\/p>\n<p style=\"text-align: justify\">El documento de la ONU se\u00f1ala que las perspectivas de corto plazo siguen siendo en general resilientes, apoyadas en un consumo firme, mejores condiciones financieras durante 2025 y precios de materias primas relativamente estables.<\/p>\n<p style=\"text-align: justify\">No obstante, advierte de riesgos a la baja derivados de una posible desaceleraci\u00f3n en los principales socios comerciales, un endurecimiento de las condiciones financieras globales y una elevada incertidumbre, en especial por los nuevos aranceles y cambios migratorios de Estados Unidos.<\/p>\n<p style=\"text-align: justify\">Brasil, M\u00e9xico y Argentina<\/p>\n<p style=\"text-align: justify\">En Brasil, el crecimiento econ\u00f3mico se moderar\u00e1 desde un estimado de 2,5 % en 2025 hasta el 2 % en 2026, a\u00fan por encima del promedio hist\u00f3rico del 1,4 % registrado entre 2010 y 2019.<\/p>\n<p style=\"text-align: justify\">La ONU atribuye la desaceleraci\u00f3n a los efectos rezagados del endurecimiento monetario \u2014con tasas de inter\u00e9s en m\u00e1ximos de varias d\u00e9cadas\u2014 y al impacto de los aranceles estadounidenses de hasta el 50 % sobre algunas importaciones brasile\u00f1as.<\/p>\n<p style=\"text-align: justify\">Aun as\u00ed, el impacto global ser\u00eda limitado, dado que Estados Unidos absorbe cerca del 12 % de las exportaciones del pa\u00eds, mientras que una pol\u00edtica fiscal moderadamente expansiva amortiguar\u00eda la desaceleraci\u00f3n en la principal econom\u00eda latinoamericana.<\/p>\n<p style=\"text-align: justify\">En M\u00e9xico, la econom\u00eda mostr\u00f3 resiliencia en 2025 pese a las posturas macroecon\u00f3micas restrictivas y a la volatilidad arancelaria de Estados Unidos.<\/p>\n<p style=\"text-align: justify\">El crecimiento del PIB pasar\u00e1 de un estimado del 0,4 % en 2025 al 1,3 % en 2026, apoyado en una recuperaci\u00f3n de la inversi\u00f3n y del consumo privado si las pol\u00edticas fiscal y monetaria son m\u00e1s favorables.<\/p>\n<p style=\"text-align: justify\">Entre los riesgos, el informe se\u00f1ala una eventual reimposici\u00f3n de aranceles a las exportaciones fuera del T-MEC, el tratado de libre comercio entre EE. UU., M\u00e9xico y Canad\u00e1, y la persistente incertidumbre sobre el futuro de ese pacto comercial.<\/p>\n<p style=\"text-align: justify\">Para Argentina, la ONU prev\u00e9 que el crecimiento se modere despu\u00e9s del fuerte rebote del 4,3 % previsto para 2025 hasta el 3,8 % en 2026.<\/p>\n<p style=\"text-align: justify\">El informe destaca la estabilizaci\u00f3n macroecon\u00f3mica lograda mediante un programa de consolidaci\u00f3n fiscal, unificaci\u00f3n cambiaria y pol\u00edtica monetaria restrictiva, aunque con un costo social elevado.<\/p>\n<p style=\"text-align: justify\">La inflaci\u00f3n, que super\u00f3 el 250 % en 2024, se redujo a alrededor de 31,3 % en octubre de 2025, aunque sigue siendo alta.<\/p>\n<p style=\"text-align: justify\">En el Caribe, sin incluir a Guyana, el crecimiento se mantendr\u00e1 contenido en torno al 1,6 % en 2026, ligeramente por debajo de 2025, debido a elevados niveles de deuda y a una alta vulnerabilidad clim\u00e1tica.<\/p>\n<p style=\"text-align: justify\">En contraste, Guyana seguir\u00e1 registrando un crecimiento fuerte gracias al auge petrolero.<\/p>\n<p style=\"text-align: justify\">La ONU proyecta expansiones superiores al 3,5 % en 2026 para Costa Rica, Rep\u00fablica Dominicana, Guatemala, Honduras, Panam\u00e1 y Paraguay, apoyadas en el consumo interno y la inversi\u00f3n.<\/p>\n<p style=\"text-align: justify\">Inflaci\u00f3n y empleo<\/p>\n<p style=\"text-align: justify\">La inflaci\u00f3n en la regi\u00f3n continuar\u00e1 desaceler\u00e1ndose, aunque m\u00e1s lentamente. La ONU espera un 4 % en 2026, frente al 4,5 % proyectado en 2025.<\/p>\n<p style=\"text-align: justify\">Dos tercios de los pa\u00edses registraron descensos inflacionarios en 2025, con avances notables en Argentina, Cuba y Surinam.<\/p>\n<p style=\"text-align: justify\">Sin embargo, devolver la inflaci\u00f3n a los rangos objetivo ha resultado m\u00e1s dif\u00edcil en econom\u00edas como Brasil y Colombia, donde la inflaci\u00f3n subyacente sigue elevada.<\/p>\n<p style=\"text-align: justify\">El mercado laboral se ha mantenido relativamente estable. En 2025, el desempleo cay\u00f3 o se mantuvo bajo en Brasil, Costa Rica, Rep\u00fablica Dominicana, Paraguay y Uruguay.<\/p>\n<p style=\"text-align: justify\">En Brasil, la tasa de desempleo descendi\u00f3 hasta el 5,6 % en agosto de 2025, el nivel m\u00e1s bajo en varias d\u00e9cadas. Aun as\u00ed, pa\u00edses como Ecuador, Paraguay y Per\u00fa no han recuperado plenamente la participaci\u00f3n laboral previa a la pandemia.<\/p>\n<p style=\"text-align: justify\">El informe subraya tambi\u00e9n que el limitado margen de maniobra fiscal y monetaria sigue restringiendo la capacidad de los Gobiernos para impulsar el crecimiento.<\/p>\n<p style=\"text-align: justify\">Aunque la deuda p\u00fablica regional baj\u00f3 de 76,1 % del PIB en 2020 a un estimado del 70,7 % en 2025, los niveles siguen siendo elevados y los costes por intereses superan el 5 % del PIB regional.<\/p>\n","protected":false},"excerpt":{"rendered":"<p>El \u00e1rea de Latinoam\u00e9rica y el Caribe crecer\u00e1 un 2,3 % en 2026 y un 2,5 % en 2027, aunque con una evoluci\u00f3n heterog\u00e9nea, condicionada por restricciones fiscales internas y por un entorno externo m\u00e1s adverso, seg\u00fan el informe Situaci\u00f3n y Perspectivas de la Econom\u00eda Mundial 2026 de Naciones Unidas. La ONU ha elevado una [&hellip;]<\/p>\n","protected":false},"author":1,"featured_media":83389,"comment_status":"closed","ping_status":"open","sticky":false,"template":"","format":"standard","meta":{"footnotes":""},"categories":[25],"tags":[],"class_list":{"0":"post-83388","1":"post","2":"type-post","3":"status-publish","4":"format-standard","5":"has-post-thumbnail","7":"category-economia"},"_links":{"self":[{"href":"https:\/\/jms.com.bo\/mediamonitor\/wp-json\/wp\/v2\/posts\/83388","targetHints":{"allow":["GET"]}}],"collection":[{"href":"https:\/\/jms.com.bo\/mediamonitor\/wp-json\/wp\/v2\/posts"}],"about":[{"href":"https:\/\/jms.com.bo\/mediamonitor\/wp-json\/wp\/v2\/types\/post"}],"author":[{"embeddable":true,"href":"https:\/\/jms.com.bo\/mediamonitor\/wp-json\/wp\/v2\/users\/1"}],"replies":[{"embeddable":true,"href":"https:\/\/jms.com.bo\/mediamonitor\/wp-json\/wp\/v2\/comments?post=83388"}],"version-history":[{"count":0,"href":"https:\/\/jms.com.bo\/mediamonitor\/wp-json\/wp\/v2\/posts\/83388\/revisions"}],"wp:featuredmedia":[{"embeddable":true,"href":"https:\/\/jms.com.bo\/mediamonitor\/wp-json\/wp\/v2\/media\/83389"}],"wp:attachment":[{"href":"https:\/\/jms.com.bo\/mediamonitor\/wp-json\/wp\/v2\/media?parent=83388"}],"wp:term":[{"taxonomy":"category","embeddable":true,"href":"https:\/\/jms.com.bo\/mediamonitor\/wp-json\/wp\/v2\/categories?post=83388"},{"taxonomy":"post_tag","embeddable":true,"href":"https:\/\/jms.com.bo\/mediamonitor\/wp-json\/wp\/v2\/tags?post=83388"}],"curies":[{"name":"wp","href":"https:\/\/api.w.org\/{rel}","templated":true}]}}