{"id":83390,"date":"2026-01-09T07:36:16","date_gmt":"2026-01-09T11:36:16","guid":{"rendered":"https:\/\/mediamonitorbo.com.bo\/?p=16288"},"modified":"2026-01-09T07:36:16","modified_gmt":"2026-01-09T11:36:16","slug":"gobierno-reporta-perdidas-diarias-de-us-100-mm-por-bloqueos","status":"publish","type":"post","link":"https:\/\/jms.com.bo\/mediamonitor\/2026\/01\/09\/gobierno-reporta-perdidas-diarias-de-us-100-mm-por-bloqueos\/","title":{"rendered":"Gobierno reporta p\u00e9rdidas diarias de $us 100 MM por bloqueos"},"content":{"rendered":"<p style=\"text-align: justify\">De acuerdo con el Gobierno, las p\u00e9rdidas diarias por los bloqueos en carreteras podr\u00edan ascender hasta $us 100 millones si es que se toma en cuenta todos los sectores afectados por las medidas de presi\u00f3n.<\/p>\n<p style=\"text-align: justify\">As\u00ed lo afirm\u00f3 Pablo Camacho, director de la Oficina T\u00e9cnica para el Fortalecimiento de la Empresa P\u00fablica (OFEP), en el tercer d\u00eda de protestas que impulsa la Central Obrera Boliviana (COB) en rechazo del Decreto Supremo 5503.<\/p>\n<p style=\"text-align: justify\">\u201cLa p\u00e9rdida reitero es econ\u00f3mica, los industriales hablan de 20 a 40 millones al d\u00eda; comercio y transporte igual, estamos hablando f\u00e1cil de unos 100 millones de d\u00f3lares al d\u00eda. Pero son p\u00e9rdidas irrecuperables, porque lo que hoy no se vendi\u00f3 en productos, como pollo o huevo, van a comenzar a escasear y van a empezar a subir. No porque ma\u00f1ana se abran los caminos se va a vender la mercader\u00eda de hace tres d\u00edas\u201d, afirm\u00f3 este jueves en conferencia de prensa.<\/p>\n<p style=\"text-align: justify\">Bloqueos<\/p>\n<p style=\"text-align: justify\">Esta jornada, de acuerdo con el reporte de la Administradora Boliviana de Carreteras (ABC), los bloqueos se radicalizaron y llegaron a ser 50 en alg\u00fan punto del d\u00eda, concentr\u00e1ndose principalmente en la ciudad de La Paz.<\/p>\n<p style=\"text-align: justify\">Este hecho gener\u00f3 preocupaci\u00f3n en diferentes sectores econ\u00f3micos, pues no pueden desarrollar sus actividades con normalidad.<\/p>\n<p style=\"text-align: justify\">Al respecto, Camacho cuestion\u00f3 a la COB, pues considera que perdi\u00f3 su \u201cesencia de defensa al trabajador\u201d y parecer\u00eda estar m\u00e1s pr\u00f3xima a ser un \u201cpartido pol\u00edtico\u201d que vela por sus propios intereses.<\/p>\n<p style=\"text-align: justify\">En criterio del director de la OFEP, en los \u00faltimos 20 a\u00f1os, bajo el gobierno del Movimiento Al Socialismo (MAS), la Central Obrera Boliviana fue fuertemente favorecida, por lo que ahora se aferra a \u201cviejos esquemas de poder\u201d.<\/p>\n<p style=\"text-align: justify\">\u201cLa COB que representa viejos poderes, viejos esquemas de poder, en los cuales ellos se han beneficiado de autos, de hoteles, de viajes, de enormes y millonarios sueldos (\u2026), hoy la COB ha perdido su esencia de defensa al trabajador\u201d, critic\u00f3 Camacho.<\/p>\n<p style=\"text-align: justify\">El mi\u00e9rcoles, el Gobierno y algunos dirigentes de la COB llegaron a un \u201cpreacuerdo para pacificar el pa\u00eds\u201d. Sin embargo, pese a ello, contin\u00faan las medidas de presi\u00f3n que exigen la derogaci\u00f3n del Decreto 5503 por considerarlo \u201cinconstitucional y entreguista\u201d.<\/p>\n","protected":false},"excerpt":{"rendered":"<p>De acuerdo con el Gobierno, las p\u00e9rdidas diarias por los bloqueos en carreteras podr\u00edan ascender hasta $us 100 millones si es que se toma en cuenta todos los sectores afectados por las medidas de presi\u00f3n. As\u00ed lo afirm\u00f3 Pablo Camacho, director de la Oficina T\u00e9cnica para el Fortalecimiento de la Empresa P\u00fablica (OFEP), en el [&hellip;]<\/p>\n","protected":false},"author":1,"featured_media":83391,"comment_status":"closed","ping_status":"open","sticky":false,"template":"","format":"standard","meta":{"footnotes":""},"categories":[25,45,48],"tags":[],"class_list":{"0":"post-83390","1":"post","2":"type-post","3":"status-publish","4":"format-standard","5":"has-post-thumbnail","7":"category-economia","8":"category-portada-economia","9":"category-portada-general-sitio"},"_links":{"self":[{"href":"https:\/\/jms.com.bo\/mediamonitor\/wp-json\/wp\/v2\/posts\/83390","targetHints":{"allow":["GET"]}}],"collection":[{"href":"https:\/\/jms.com.bo\/mediamonitor\/wp-json\/wp\/v2\/posts"}],"about":[{"href":"https:\/\/jms.com.bo\/mediamonitor\/wp-json\/wp\/v2\/types\/post"}],"author":[{"embeddable":true,"href":"https:\/\/jms.com.bo\/mediamonitor\/wp-json\/wp\/v2\/users\/1"}],"replies":[{"embeddable":true,"href":"https:\/\/jms.com.bo\/mediamonitor\/wp-json\/wp\/v2\/comments?post=83390"}],"version-history":[{"count":0,"href":"https:\/\/jms.com.bo\/mediamonitor\/wp-json\/wp\/v2\/posts\/83390\/revisions"}],"wp:featuredmedia":[{"embeddable":true,"href":"https:\/\/jms.com.bo\/mediamonitor\/wp-json\/wp\/v2\/media\/83391"}],"wp:attachment":[{"href":"https:\/\/jms.com.bo\/mediamonitor\/wp-json\/wp\/v2\/media?parent=83390"}],"wp:term":[{"taxonomy":"category","embeddable":true,"href":"https:\/\/jms.com.bo\/mediamonitor\/wp-json\/wp\/v2\/categories?post=83390"},{"taxonomy":"post_tag","embeddable":true,"href":"https:\/\/jms.com.bo\/mediamonitor\/wp-json\/wp\/v2\/tags?post=83390"}],"curies":[{"name":"wp","href":"https:\/\/api.w.org\/{rel}","templated":true}]}}