{"id":83392,"date":"2026-01-09T07:38:19","date_gmt":"2026-01-09T11:38:19","guid":{"rendered":"https:\/\/mediamonitorbo.com.bo\/?p=16292"},"modified":"2026-01-09T07:38:19","modified_gmt":"2026-01-09T11:38:19","slug":"proyectos-de-energia-renovable-pierden-viabilidad-en-medio-del-curtailment-y-las-altas-tasas-de-interes-en-brasil","status":"publish","type":"post","link":"https:\/\/jms.com.bo\/mediamonitor\/2026\/01\/09\/proyectos-de-energia-renovable-pierden-viabilidad-en-medio-del-curtailment-y-las-altas-tasas-de-interes-en-brasil\/","title":{"rendered":"Proyectos de energ\u00eda renovable pierden viabilidad en medio del curtailment y las altas tasas de inter\u00e9s en Brasil"},"content":{"rendered":"<p style=\"text-align: justify\">Otro grupo de empresas desisti\u00f3 de implantar nuevas plantas de generaci\u00f3n de energ\u00eda renovable en Brasil ante el escenario desafiante que vive el sector.<\/p>\n<p style=\"text-align: justify\">Solatio solicit\u00f3 a Aneel la revocaci\u00f3n de la concesi\u00f3n de autorizaci\u00f3n de las plantas fotovoltaicas Arax\u00e1 Novo 1 a 3, Walter Fr\u00f3es 6 a 6 y Pedra do Reino 1 a 10, en Minas Gerais.<\/p>\n<p style=\"text-align: justify\">Entre las razones del pedido est\u00e1n el curtailment, las elevadas tasas de inter\u00e9s y la extinci\u00f3n de subsidios anteriormente aplicables al generador y al consumidor, \u201cagravando sustancialmente la sostenibilidad financiera de las centrales\u201d.<\/p>\n<p style=\"text-align: justify\">La compa\u00f1\u00eda destac\u00f3 que, con la publicaci\u00f3n de la Ley n.\u00ba 15.269\/25 \u2013 resultante de la medida provisional (MP) 1.304\/25 \u2013, se eliminaron las expectativas de recomposici\u00f3n de la atractividad econ\u00f3mica del emprendimiento, \u201cespecialmente ante la supresi\u00f3n definitiva de mecanismos de incentivo al consumo\u201d.<\/p>\n<p style=\"text-align: justify\">F\u00f3tons de Santa Concei\u00e7\u00e3o y Ventos de S\u00e3o Zacarias solicitaron la revocaci\u00f3n de los proyectos de las centrales generadoras fotovoltaicas F\u00f3tons de Santa Concei\u00e7\u00e3o 01, 02 y 03, en Pernambuco.<\/p>\n<p style=\"text-align: justify\">\u201cLas dificultades representadas por la operacionalizaci\u00f3n de emprendimientos de generaci\u00f3n de fuentes renovables frente a los tan elevados niveles de recortes de generaci\u00f3n verificados en diversas regiones electroenerg\u00e9ticas del Nordeste del pa\u00eds son el principal factor que, hoy, inviabiliza proyectos de generaci\u00f3n renovable en esas localidades\u201d, justificaron las empresas.<\/p>\n<p style=\"text-align: justify\">Atiaia Energ\u00edas Renovables y Expans\u00e3o Energias solicitaron la revocaci\u00f3n de las plantas UFV Maravilhas III, VIII, IX, X y XI, Olinda I y II y Riach\u00e3o I y II, que componen el Complejo Pedra Azul, en Pernambuco.<\/p>\n<p style=\"text-align: justify\">Seg\u00fan la empresa, la ausencia de margen de evacuaci\u00f3n para el acceso a los sistemas de transmisi\u00f3n y distribuci\u00f3n, el aumento expresivo de los recortes de generaci\u00f3n (curtailment) y el incremento de los costos de implantaci\u00f3n, entre otros factores, no permitieron la efectiva viabilizaci\u00f3n del proyecto.<\/p>\n<p style=\"text-align: justify\">NF Energias Renov\u00e1veis, por su parte, desisti\u00f3 de las concesiones de las UFVs Escadilha, Panorama I y II y Nova Esperan\u00e7a I, II y III, en Rio Grande do Norte.<\/p>\n<p style=\"text-align: justify\">La compa\u00f1\u00eda cit\u00f3 el exceso de oferta de proyectos de generaci\u00f3n intermitente (solar y e\u00f3lica), la insuficiencia de capacidad de transmisi\u00f3n y de mecanismos adecuados de evacuaci\u00f3n, as\u00ed como crecientes restricciones operativas relacionadas con la estabilidad del sistema el\u00e9ctrico nacional.<\/p>\n<p style=\"text-align: justify\">\u201cA estos factores se suman el reducido nivel de demanda incremental, la acumulaci\u00f3n de proyectos de generaci\u00f3n distribuida y el desequilibrio entre la expansi\u00f3n de fuentes intermitentes y la oferta de energ\u00eda firme, lo que resulta en fen\u00f3menos como curtailment, precios deprimidos en los contratos bilaterales (PPA) y dificultades para la viabilizaci\u00f3n econ\u00f3mico-financiera de emprendimientos de mayor porte.\u201d<\/p>\n<p style=\"text-align: justify\">Tambi\u00e9n en Rio Grande do Norte, Uni\u00e3o Energias Renov\u00e1veis y Gouveia Energias Renov\u00e1veis solicitaron la cancelaci\u00f3n de las autorizaciones de las plantas Astro I, Nobreza I, II y III y Areias I, II y III.<\/p>\n<p style=\"text-align: justify\">Seg\u00fan las empresas, no hay margen t\u00e9cnico disponible para el escoamiento de la generaci\u00f3n en la regi\u00f3n de conexi\u00f3n hasta, por lo menos, 2031, lo que imposibilita el inicio de las obras y la entrada en operaci\u00f3n comercial dentro del plazo originalmente fijado.<\/p>\n<p style=\"text-align: justify\">En Bah\u00eda, las empresas Syku\u00e9 Solar 1 SPE y Syku\u00e9 Solar 2 SPE solicitaron a Aneel la revocaci\u00f3n de la autorizaci\u00f3n de las UFVs Syku\u00e9 Solar 1 y 2, tras \u201cevaluaciones internas que evidenciaron la inviabilidad econ\u00f3mico-financiera del emprendimiento, en las condiciones actualmente disponibles\u201d.<\/p>\n<p style=\"text-align: justify\">En Minas Gerais, Grande Sert\u00e3o Lassance de Energia Fotovoltaica solicit\u00f3 la cancelaci\u00f3n de la concesi\u00f3n de las centrales generadoras fotovoltaicas GS Lassance 01 a 09 debido a la inviabilidad de conexi\u00f3n a la subestaci\u00f3n V\u00e1rzea da Palma 1, por no ser posible la ampliaci\u00f3n f\u00edsica de la instalaci\u00f3n.<\/p>\n<p style=\"text-align: justify\">En el mismo estado, CEI Solar Empreendimentos Energ\u00e9ticos desisti\u00f3 de la UFV Riacho III, alegando falta de margen de evacuaci\u00f3n y aumento del curtailment, ante un escenario de sobreoferta de energ\u00eda, \u201cque termina comprometiendo la previsibilidad de la generaci\u00f3n y la viabilidad econ\u00f3mico-financiera para la implementaci\u00f3n de nuevos emprendimientos renovables en el corto y mediano plazos\u201d.<\/p>\n<p style=\"text-align: justify\">En Cear\u00e1, ON Jaguaruana Gera\u00e7\u00e3o de Energia SPE solicit\u00f3 la revocaci\u00f3n de las centrales UFV Jaguaruana I a XIV, en funci\u00f3n de la indisponibilidad de conexi\u00f3n disponible en la subestaci\u00f3n Jaguaruana II hasta 2029.<\/p>\n<p style=\"text-align: justify\">En Bah\u00eda, los grupos Azalea Participa\u00e7\u00f5es y Axia Energia (ex-Eletrobras) cancelaron, respectivamente, los proyectos de las centrales e\u00f3licas Mina de Ouro 1 a 7 y Casa Nova D, E, F y G.<\/p>\n<p style=\"text-align: justify\">Entre otros casos ya reportados por BNamericas se encuentran tambi\u00e9n los de Energia Capital y FWA Gera\u00e7\u00e3o de Energia.<\/p>\n<p style=\"text-align: justify\">De acuerdo con Aneel, en 2025 fueron revocadas 509 concesiones de centrales solares y e\u00f3licas, totalizando cerca de 22GW. Las revocaciones se refieren a solicitudes hechas bajo demanda, cuando el emprendedor entiende que el proyecto no es viable.<\/p>\n<p style=\"text-align: justify\">La agencia reguladora destac\u00f3 que la Ley n.\u00ba 15.269 abri\u00f3 la posibilidad de la revocaci\u00f3n, sin penalidades, de 348 emprendimientos de generaci\u00f3n de energ\u00eda el\u00e9ctrica que tuvieron pr\u00f3rroga del plazo para encuadramiento en el descuento de las tarifas de uso de la red y que no firmaron el contrato de uso del sistema. El plazo para esta solicitud finaliz\u00f3 el 26 de diciembre de 2025.<\/p>\n<p style=\"text-align: justify\">Recuperaci\u00f3n extrajudicial<\/p>\n<p style=\"text-align: justify\">La Rio Alto Energias Renov\u00e1veis solicit\u00f3 a Aneel la homologaci\u00f3n de los planes de recuperaci\u00f3n judicial de las empresas del grupo Rio Alto (Rio Alto Comercializadora de Energia Ltda., Rio Alto Infraestrutura e Constru\u00e7\u00e3o S.A., Rio Alto Participa\u00e7\u00f5es, Energia e Infraestrutura Ltda. y Rio Alto Servi\u00e7os e Constru\u00e7\u00f5es Ltda.).<\/p>\n<p style=\"text-align: justify\">Los proyectos del Grupo Rio Alto est\u00e1n ubicados en municipios de Para\u00edba y cuentan con un portafolio que suma m\u00e1s de 1,8GW de plantas operativas y en desarrollo. Entre los emprendimientos destacados se encuentran los complejos de Coremas y Santa Luzia.<\/p>\n<p style=\"text-align: justify\">La compa\u00f1\u00eda cit\u00f3 el curtailment como la principal raz\u00f3n de su crisis, resultando en la imposibilidad de honrar determinados d\u00e9bitos con sus principales acreedores.<\/p>\n","protected":false},"excerpt":{"rendered":"<p>Otro grupo de empresas desisti\u00f3 de implantar nuevas plantas de generaci\u00f3n de energ\u00eda renovable en Brasil ante el escenario desafiante que vive el sector. Solatio solicit\u00f3 a Aneel la revocaci\u00f3n de la concesi\u00f3n de autorizaci\u00f3n de las plantas fotovoltaicas Arax\u00e1 Novo 1 a 3, Walter Fr\u00f3es 6 a 6 y Pedra do Reino 1 a [&hellip;]<\/p>\n","protected":false},"author":1,"featured_media":83393,"comment_status":"closed","ping_status":"open","sticky":false,"template":"","format":"standard","meta":{"footnotes":""},"categories":[39,44,48],"tags":[],"class_list":{"0":"post-83392","1":"post","2":"type-post","3":"status-publish","4":"format-standard","5":"has-post-thumbnail","7":"category-energia","8":"category-portada-energia","9":"category-portada-general-sitio"},"_links":{"self":[{"href":"https:\/\/jms.com.bo\/mediamonitor\/wp-json\/wp\/v2\/posts\/83392","targetHints":{"allow":["GET"]}}],"collection":[{"href":"https:\/\/jms.com.bo\/mediamonitor\/wp-json\/wp\/v2\/posts"}],"about":[{"href":"https:\/\/jms.com.bo\/mediamonitor\/wp-json\/wp\/v2\/types\/post"}],"author":[{"embeddable":true,"href":"https:\/\/jms.com.bo\/mediamonitor\/wp-json\/wp\/v2\/users\/1"}],"replies":[{"embeddable":true,"href":"https:\/\/jms.com.bo\/mediamonitor\/wp-json\/wp\/v2\/comments?post=83392"}],"version-history":[{"count":0,"href":"https:\/\/jms.com.bo\/mediamonitor\/wp-json\/wp\/v2\/posts\/83392\/revisions"}],"wp:featuredmedia":[{"embeddable":true,"href":"https:\/\/jms.com.bo\/mediamonitor\/wp-json\/wp\/v2\/media\/83393"}],"wp:attachment":[{"href":"https:\/\/jms.com.bo\/mediamonitor\/wp-json\/wp\/v2\/media?parent=83392"}],"wp:term":[{"taxonomy":"category","embeddable":true,"href":"https:\/\/jms.com.bo\/mediamonitor\/wp-json\/wp\/v2\/categories?post=83392"},{"taxonomy":"post_tag","embeddable":true,"href":"https:\/\/jms.com.bo\/mediamonitor\/wp-json\/wp\/v2\/tags?post=83392"}],"curies":[{"name":"wp","href":"https:\/\/api.w.org\/{rel}","templated":true}]}}